{"id":12871,"date":"2024-10-02T11:28:53","date_gmt":"2024-10-02T11:28:53","guid":{"rendered":"https:\/\/alminutonoticia.com\/noticias\/?p=12871"},"modified":"2024-10-02T11:28:56","modified_gmt":"2024-10-02T11:28:56","slug":"sinaproc-declara-alerta-amarilla-en-cinco-provincias-y-una-comarca","status":"publish","type":"post","link":"https:\/\/alminutonoticia.com\/noticias\/sinaproc-declara-alerta-amarilla-en-cinco-provincias-y-una-comarca\/","title":{"rendered":"Sinaproc declara Alerta Amarilla en cinco provincias y una comarca"},"content":{"rendered":"\n<p>El Sistema Nacional de Protecci\u00f3n Civil (Sinaproc) ante la intensificaci\u00f3n de las lluvias y la saturaci\u00f3n de los suelos, emiti\u00f3 una declaratoria de Alerta Amarilla en las provincias de Chiriqu\u00ed, Bocas del Toro, Veraguas, Herrera, Los Santos y la comarca Ng\u00e4be Bugl\u00e9, a partir del lunes 30 de septiembre, desde las 11:00 p.m. El resto del pa\u00eds y las comarcas del territorio paname\u00f1o son elevados a Alerta Verde, como medida preventiva ante las lluvias de manera considerable.<\/p>\n\n\n\n<p>Esta medida obedece al criterio t\u00e9cnico-cient\u00edfico del Instituto de Meteorolog\u00eda e Hidrolog\u00eda de Panam\u00e1 (IMHPA), que hace referencia a un sistema de baja presi\u00f3n sobre el Caribe paname\u00f1o, norte del pa\u00eds y por el desarrollo cicl\u00f3nico (10% en 48 horas y 40% en 7 d\u00edas), que podr\u00eda inducir en la incursi\u00f3n de flujos de vientos y aportes de lluvias significativos.<\/p>\n\n\n\n<p>Seg\u00fan el IMHPA, se pronostican acumulados de lluvias en las pr\u00f3ximas 48 horas, entre los 50-70 mm en la regi\u00f3n occidental, Veraguas y Azuero. El Centro de Operaciones de Emergencias (COE) est\u00e1 monitoreando constantemente las condiciones atmosf\u00e9ricas y colaborando con las autoridades locales para brindar apoyo en caso de ser necesario.<\/p>\n\n\n\n<p>Para garantizar la seguridad de la ciudadan\u00eda durante este per\u00edodo de inestabilidad clim\u00e1tica SINAPROC recomienda:<\/p>\n\n\n\n<ul class=\"wp-block-list\">\n<li>Mantenerse informado a trav\u00e9s de fuentes oficiales.<\/li>\n\n\n\n<li>Durante esta declaratoria es preferible no visitar senderos, monta\u00f1as, r\u00edos, quebradas y lagos.<\/li>\n\n\n\n<li>No estacione veh\u00edculos, ni acampe en cauces secos, ni a la orilla de r\u00edos, para evitar ser sorprendido por una s\u00fabita crecida de agua.<\/li>\n\n\n\n<li>Se recomienda a la poblaci\u00f3n, en especial la que habita en zonas de riesgo, mantenerse informada y acatar las medidas de prevenci\u00f3n de las instituciones de emergencia y estamentos de seguridad.<\/li>\n<\/ul>\n\n\n\n<p>Se insta a la poblaci\u00f3n a seguir estas recomendaciones para minimizar riesgos y garantizar su seguridad.<\/p>\n\n\n\n<p>L\u00edneas de emergencias: 520-4426 \/ 911 \/ 6998-4809.<\/p>\n\n\n\n<figure class=\"wp-block-image size-full\"><a href=\"https:\/\/alminutonoticia.com\/noticias\/wp-content\/uploads\/2024\/10\/amarillassss-770x470-1.jpeg\"><img fetchpriority=\"high\" decoding=\"async\" width=\"770\" height=\"470\" src=\"https:\/\/alminutonoticia.com\/noticias\/wp-content\/uploads\/2024\/10\/amarillassss-770x470-1.jpeg\" alt=\"\" class=\"wp-image-12872\" title=\"\" srcset=\"https:\/\/alminutonoticia.com\/noticias\/wp-content\/uploads\/2024\/10\/amarillassss-770x470-1.jpeg 770w, https:\/\/alminutonoticia.com\/noticias\/wp-content\/uploads\/2024\/10\/amarillassss-770x470-1-300x183.jpeg 300w, https:\/\/alminutonoticia.com\/noticias\/wp-content\/uploads\/2024\/10\/amarillassss-770x470-1-768x469.jpeg 768w\" sizes=\"(max-width: 770px) 100vw, 770px\" \/><\/a><\/figure>\n","protected":false},"excerpt":{"rendered":"<p>El Sistema Nacional de Protecci\u00f3n Civil (Sinaproc) ante la intensificaci\u00f3n de las lluvias y la saturaci\u00f3n de los suelos, emiti\u00f3 una declaratoria de Alerta Amarilla en las provincias de Chiriqu\u00ed, Bocas del Toro, Veraguas, Herrera, Los Santos y la comarca Ng\u00e4be Bugl\u00e9, a partir del lunes 30 de septiembre, desde las 11:00 p.m. El resto [&hellip;]<\/p>\n","protected":false},"author":3,"featured_media":12872,"comment_status":"open","ping_status":"open","sticky":false,"template":"","format":"standard","meta":{"footnotes":""},"categories":[36,42],"tags":[],"class_list":["post-12871","post","type-post","status-publish","format-standard","has-post-thumbnail","hentry","category-nacionales","category-ambiente"],"_links":{"self":[{"href":"https:\/\/alminutonoticia.com\/noticias\/wp-json\/wp\/v2\/posts\/12871","targetHints":{"allow":["GET"]}}],"collection":[{"href":"https:\/\/alminutonoticia.com\/noticias\/wp-json\/wp\/v2\/posts"}],"about":[{"href":"https:\/\/alminutonoticia.com\/noticias\/wp-json\/wp\/v2\/types\/post"}],"author":[{"embeddable":true,"href":"https:\/\/alminutonoticia.com\/noticias\/wp-json\/wp\/v2\/users\/3"}],"replies":[{"embeddable":true,"href":"https:\/\/alminutonoticia.com\/noticias\/wp-json\/wp\/v2\/comments?post=12871"}],"version-history":[{"count":1,"href":"https:\/\/alminutonoticia.com\/noticias\/wp-json\/wp\/v2\/posts\/12871\/revisions"}],"predecessor-version":[{"id":12873,"href":"https:\/\/alminutonoticia.com\/noticias\/wp-json\/wp\/v2\/posts\/12871\/revisions\/12873"}],"wp:featuredmedia":[{"embeddable":true,"href":"https:\/\/alminutonoticia.com\/noticias\/wp-json\/wp\/v2\/media\/12872"}],"wp:attachment":[{"href":"https:\/\/alminutonoticia.com\/noticias\/wp-json\/wp\/v2\/media?parent=12871"}],"wp:term":[{"taxonomy":"category","embeddable":true,"href":"https:\/\/alminutonoticia.com\/noticias\/wp-json\/wp\/v2\/categories?post=12871"},{"taxonomy":"post_tag","embeddable":true,"href":"https:\/\/alminutonoticia.com\/noticias\/wp-json\/wp\/v2\/tags?post=12871"}],"curies":[{"name":"wp","href":"https:\/\/api.w.org\/{rel}","templated":true}]}}