{"id":12849,"date":"2024-09-25T05:22:26","date_gmt":"2024-09-25T05:22:26","guid":{"rendered":"https:\/\/alminutonoticia.com\/noticias\/?p=12849"},"modified":"2024-09-25T05:22:28","modified_gmt":"2024-09-25T05:22:28","slug":"deportaron-a-40-colombianos-todos-fueron-captados-en-la-selva-de-darien","status":"publish","type":"post","link":"https:\/\/alminutonoticia.com\/noticias\/deportaron-a-40-colombianos-todos-fueron-captados-en-la-selva-de-darien\/","title":{"rendered":"Deportaron a 40 colombianos, todos fueron captados en la selva de Dari\u00e9n\u00a0"},"content":{"rendered":"\n<p>La Presidencia de la Rep\u00fablica de Panam\u00e1, el Ministerio de Seguridad, el Ministerio de Relaciones Exteriores, el Servicio Nacional Aeronaval y el Servicio Nacional de Migraci\u00f3n (SNM), con el apoyo de otras entidades gubernamentales como el Aeropuerto Internacional Marcos A. Gelabert, entre otros, junto al gobierno de E.U., contin\u00faan accionando el plan de deportaci\u00f3n de extranjeros que ingresaron de forma irregular al pa\u00eds, el cual forma parte del Memor\u00e1ndum de entendimiento, firmado por Panam\u00e1 y Estados Unidos.<\/p>\n\n\n\n<p>Hoy martes 24 de septiembre, se deportaron 40 personas de origen colombiana, de los cuales 39, han sido deportados por ingresar al pa\u00eds de manera irregular y un ciudadano, ha sido expulsado por el delito contra la seguridad colectiva, en modalidad de delito que implica un peligro com\u00fan de (incendiarismo).<\/p>\n\n\n\n<p>De los deportados, 39 son masculinos y 1 femenina, todos captados en la selva del Dari\u00e9n y deportados con destino al Aeropuerto Internacional Jos\u00e9 Mar\u00eda C\u00f3rdova, ubicado en el municipio de Rionegro, en Medell\u00edn, Colombia.<\/p>\n\n\n\n<p>El memor\u00e1ndum, permite la deportaci\u00f3n de todas las personas que ingresen de forma ilegal a Panam\u00e1, y no solo de aquellas a las que se le detecte antecedentes penales.<\/p>\n\n\n\n<p>De acuerdo con datos estad\u00edsticos del Servicio Nacional de Migraci\u00f3n (SNM), a la fecha, un total 257,974 personas, han entrado de manera irregular a Panam\u00e1, a trav\u00e9s de la Selva del Dari\u00e9n, considerada una Ruta Mortal.<\/p>\n\n\n\n<p>Este resultado compar\u00e1ndolo con el a\u00f1o 2023, que fue de 392, 385, muestra una diferencia de -134,411 el cual refleja una disminuci\u00f3n del -34% con el a\u00f1o anterior.<\/p>\n\n\n\n<p>La mayor parte de los ciudadanos que al d\u00eda de hoy, pasaron a trav\u00e9s del Dari\u00e9n, son procedentes de pa\u00edses como: Venezuela, Nepal, Colombia, Angola, entre otros.<\/p>\n\n\n\n<p>La seguridad de nacionales y extranjeros residentes en Panam\u00e1, es compromiso prioritario del Servicio Nacional de Migraci\u00f3n.<\/p>\n\n\n\n<figure class=\"wp-block-image size-full\"><a href=\"https:\/\/alminutonoticia.com\/noticias\/wp-content\/uploads\/2024\/09\/deportacion-770x470-1.jpeg\"><img fetchpriority=\"high\" decoding=\"async\" width=\"770\" height=\"470\" src=\"https:\/\/alminutonoticia.com\/noticias\/wp-content\/uploads\/2024\/09\/deportacion-770x470-1.jpeg\" alt=\"\" class=\"wp-image-12850\" title=\"\" srcset=\"https:\/\/alminutonoticia.com\/noticias\/wp-content\/uploads\/2024\/09\/deportacion-770x470-1.jpeg 770w, https:\/\/alminutonoticia.com\/noticias\/wp-content\/uploads\/2024\/09\/deportacion-770x470-1-300x183.jpeg 300w, https:\/\/alminutonoticia.com\/noticias\/wp-content\/uploads\/2024\/09\/deportacion-770x470-1-768x469.jpeg 768w\" sizes=\"(max-width: 770px) 100vw, 770px\" \/><\/a><\/figure>\n","protected":false},"excerpt":{"rendered":"<p>La Presidencia de la Rep\u00fablica de Panam\u00e1, el Ministerio de Seguridad, el Ministerio de Relaciones Exteriores, el Servicio Nacional Aeronaval y el Servicio Nacional de Migraci\u00f3n (SNM), con el apoyo de otras entidades gubernamentales como el Aeropuerto Internacional Marcos A. Gelabert, entre otros, junto al gobierno de E.U., contin\u00faan accionando el plan de deportaci\u00f3n de [&hellip;]<\/p>\n","protected":false},"author":3,"featured_media":12850,"comment_status":"open","ping_status":"open","sticky":false,"template":"","format":"standard","meta":{"footnotes":""},"categories":[36,39],"tags":[],"class_list":["post-12849","post","type-post","status-publish","format-standard","has-post-thumbnail","hentry","category-nacionales","category-internacionales"],"_links":{"self":[{"href":"https:\/\/alminutonoticia.com\/noticias\/wp-json\/wp\/v2\/posts\/12849","targetHints":{"allow":["GET"]}}],"collection":[{"href":"https:\/\/alminutonoticia.com\/noticias\/wp-json\/wp\/v2\/posts"}],"about":[{"href":"https:\/\/alminutonoticia.com\/noticias\/wp-json\/wp\/v2\/types\/post"}],"author":[{"embeddable":true,"href":"https:\/\/alminutonoticia.com\/noticias\/wp-json\/wp\/v2\/users\/3"}],"replies":[{"embeddable":true,"href":"https:\/\/alminutonoticia.com\/noticias\/wp-json\/wp\/v2\/comments?post=12849"}],"version-history":[{"count":1,"href":"https:\/\/alminutonoticia.com\/noticias\/wp-json\/wp\/v2\/posts\/12849\/revisions"}],"predecessor-version":[{"id":12851,"href":"https:\/\/alminutonoticia.com\/noticias\/wp-json\/wp\/v2\/posts\/12849\/revisions\/12851"}],"wp:featuredmedia":[{"embeddable":true,"href":"https:\/\/alminutonoticia.com\/noticias\/wp-json\/wp\/v2\/media\/12850"}],"wp:attachment":[{"href":"https:\/\/alminutonoticia.com\/noticias\/wp-json\/wp\/v2\/media?parent=12849"}],"wp:term":[{"taxonomy":"category","embeddable":true,"href":"https:\/\/alminutonoticia.com\/noticias\/wp-json\/wp\/v2\/categories?post=12849"},{"taxonomy":"post_tag","embeddable":true,"href":"https:\/\/alminutonoticia.com\/noticias\/wp-json\/wp\/v2\/tags?post=12849"}],"curies":[{"name":"wp","href":"https:\/\/api.w.org\/{rel}","templated":true}]}}