{"id":12846,"date":"2024-09-25T05:20:43","date_gmt":"2024-09-25T05:20:43","guid":{"rendered":"https:\/\/alminutonoticia.com\/noticias\/?p=12846"},"modified":"2024-09-25T05:20:44","modified_gmt":"2024-09-25T05:20:44","slug":"policia-atrapa-a-cuatro-sujetos-que-le-robaron-las-prendas-a-un-extranjero","status":"publish","type":"post","link":"https:\/\/alminutonoticia.com\/noticias\/policia-atrapa-a-cuatro-sujetos-que-le-robaron-las-prendas-a-un-extranjero\/","title":{"rendered":"Polic\u00eda atrapa a cuatro sujetos que le robaron las prendas a un extranjero"},"content":{"rendered":"\n<p>Tras una persecuci\u00f3n, la Polic\u00eda Nacional a trav\u00e9s del Servicio Policial Motorizado Lince aprehendi\u00f3 a cuatros sujetos que le robaron las prendas a un extranjeros en la V\u00eda Ricardo J. Alfaro.<\/p>\n\n\n\n<p>Los delincuentes, entre ellos un menor, con arma de fuego despojaron al extranjero sus prendas valoradas en m\u00e1s de 10 mil d\u00f3lares.<\/p>\n\n\n\n<p>La acci\u00f3n policial se da tras recibirse la alerta que estas personas a bordo de un veh\u00edculo interceptan a la v\u00edctima en la Avenida La Amistad, donde cometen el hecho. El arma de fuego utilizada tambi\u00e9n fue decomisada.<\/p>\n\n\n\n<p>El comisionado Vasco Rodr\u00edguez, jefe de la Zona Policial de San Miguelito dijo que esta acci\u00f3n forma parte de la Operaci\u00f3n Lancelot que se desarrolla a nivel nacional.<\/p>\n\n\n\n<p>Estas personas junto a los indicios ser\u00e1n puestas a \u00f3rdenes de las autoridades correspondientes.<\/p>\n\n\n\n<figure class=\"wp-block-image size-full\"><a href=\"https:\/\/alminutonoticia.com\/noticias\/wp-content\/uploads\/2024\/09\/policivas-770x470-1.jpg\"><img fetchpriority=\"high\" decoding=\"async\" width=\"770\" height=\"470\" src=\"https:\/\/alminutonoticia.com\/noticias\/wp-content\/uploads\/2024\/09\/policivas-770x470-1.jpg\" alt=\"\" class=\"wp-image-12847\" title=\"\" srcset=\"https:\/\/alminutonoticia.com\/noticias\/wp-content\/uploads\/2024\/09\/policivas-770x470-1.jpg 770w, https:\/\/alminutonoticia.com\/noticias\/wp-content\/uploads\/2024\/09\/policivas-770x470-1-300x183.jpg 300w, https:\/\/alminutonoticia.com\/noticias\/wp-content\/uploads\/2024\/09\/policivas-770x470-1-768x469.jpg 768w\" sizes=\"(max-width: 770px) 100vw, 770px\" \/><\/a><\/figure>\n","protected":false},"excerpt":{"rendered":"<p>Tras una persecuci\u00f3n, la Polic\u00eda Nacional a trav\u00e9s del Servicio Policial Motorizado Lince aprehendi\u00f3 a cuatros sujetos que le robaron las prendas a un extranjeros en la V\u00eda Ricardo J. Alfaro. Los delincuentes, entre ellos un menor, con arma de fuego despojaron al extranjero sus prendas valoradas en m\u00e1s de 10 mil d\u00f3lares. La acci\u00f3n [&hellip;]<\/p>\n","protected":false},"author":3,"featured_media":12847,"comment_status":"open","ping_status":"open","sticky":false,"template":"","format":"standard","meta":{"footnotes":""},"categories":[36],"tags":[],"class_list":["post-12846","post","type-post","status-publish","format-standard","has-post-thumbnail","hentry","category-nacionales"],"_links":{"self":[{"href":"https:\/\/alminutonoticia.com\/noticias\/wp-json\/wp\/v2\/posts\/12846","targetHints":{"allow":["GET"]}}],"collection":[{"href":"https:\/\/alminutonoticia.com\/noticias\/wp-json\/wp\/v2\/posts"}],"about":[{"href":"https:\/\/alminutonoticia.com\/noticias\/wp-json\/wp\/v2\/types\/post"}],"author":[{"embeddable":true,"href":"https:\/\/alminutonoticia.com\/noticias\/wp-json\/wp\/v2\/users\/3"}],"replies":[{"embeddable":true,"href":"https:\/\/alminutonoticia.com\/noticias\/wp-json\/wp\/v2\/comments?post=12846"}],"version-history":[{"count":1,"href":"https:\/\/alminutonoticia.com\/noticias\/wp-json\/wp\/v2\/posts\/12846\/revisions"}],"predecessor-version":[{"id":12848,"href":"https:\/\/alminutonoticia.com\/noticias\/wp-json\/wp\/v2\/posts\/12846\/revisions\/12848"}],"wp:featuredmedia":[{"embeddable":true,"href":"https:\/\/alminutonoticia.com\/noticias\/wp-json\/wp\/v2\/media\/12847"}],"wp:attachment":[{"href":"https:\/\/alminutonoticia.com\/noticias\/wp-json\/wp\/v2\/media?parent=12846"}],"wp:term":[{"taxonomy":"category","embeddable":true,"href":"https:\/\/alminutonoticia.com\/noticias\/wp-json\/wp\/v2\/categories?post=12846"},{"taxonomy":"post_tag","embeddable":true,"href":"https:\/\/alminutonoticia.com\/noticias\/wp-json\/wp\/v2\/tags?post=12846"}],"curies":[{"name":"wp","href":"https:\/\/api.w.org\/{rel}","templated":true}]}}