{"id":12843,"date":"2024-09-25T05:18:56","date_gmt":"2024-09-25T05:18:56","guid":{"rendered":"https:\/\/alminutonoticia.com\/noticias\/?p=12843"},"modified":"2024-09-25T05:18:58","modified_gmt":"2024-09-25T05:18:58","slug":"defensoria-pide-a-naturgy-garantizar-la-reparacion-y-no-repeticion-de-quejas","status":"publish","type":"post","link":"https:\/\/alminutonoticia.com\/noticias\/defensoria-pide-a-naturgy-garantizar-la-reparacion-y-no-repeticion-de-quejas\/","title":{"rendered":"Defensor\u00eda pide a Naturgy garantizar la reparaci\u00f3n y no repetici\u00f3n de quejas"},"content":{"rendered":"\n<p>El Defensor del Pueblo, Eduardo Leblanc Gonz\u00e1lez, se reuni\u00f3 nuevamente con los directivos de la empresa distribuidora y de generaci\u00f3n el\u00e9ctrica Naturgy, a quienes les solicit\u00f3 garantizar la reparaci\u00f3n y la no repetici\u00f3n de quejas de los usuarios sobre la calidad del servicio el\u00e9ctrico, situaci\u00f3n que gener\u00f3 una resoluci\u00f3n defensorial de vulneraci\u00f3n de derechos humanos.<\/p>\n\n\n\n<p>En el encuentro, el Ombudsman subray\u00f3 la importancia de que la empresa mejore tanto la calidad, como el servicio que ofrecen. Adem\u00e1s, destac\u00f3 la necesidad de optimizar la atenci\u00f3n al cliente, especialmente en lo referente a la gesti\u00f3n de reclamos, el acceso a la informaci\u00f3n y la resoluci\u00f3n de problemas.<\/p>\n\n\n\n<p>\u201cVamos a estar satisfechos cuando veamos los resultados. Nosotros tuvimos una reuni\u00f3n hace un a\u00f1o y un mes y queremos ver los resultados, la mayor cantidad de puestos de atenci\u00f3n al ciudadano\u201d, dijo Leblanc Gonz\u00e1lez, quien asegur\u00f3 que el 90% de las quejas que recibe la Defensor\u00eda se deben por la falta de respuesta por parte de la distribuidora de generaci\u00f3n el\u00e9ctrica.<\/p>\n\n\n\n<p>Ambas instituciones llegaron a un acuerdo en el que Naturgy se comprometi\u00f3 a abrir nuevas agencias dedicadas a la atenci\u00f3n al cliente. Adem\u00e1s, seguir\u00e1n las recomendaciones dadas por la la Defensor\u00eda, que incluyen trabajar en la educaci\u00f3n del consumidor y capacitar a los empleados de la distribuidora de electricidad para que orienten a los usuarios sobre c\u00f3mo ahorrar energ\u00eda, leer sus medidores y otros aspectos importantes.<\/p>\n\n\n\n<p>Del equipo de la Defensor\u00eda del Pueblo estuvieron presentes el director de Protecci\u00f3n de los Derechos Humanos, Julio De Gracia y Jesua Barr\u00eda, de la Direcci\u00f3n de Legal.<\/p>\n\n\n\n<p>Por parte de la empresa de distribuci\u00f3n el\u00e9ctrica Naturgy: Ing. Sebasti\u00e1n P\u00e9rez, director de Operaciones; Ing. Ileana Villalaz de Peregrina, Atenci\u00f3n al cliente; Ing. Alfredo Barrera, director de Operaciones y Cinthya Camargo Saavedra, Secretaria de la Junta Directiva y directora de Servicios Jur\u00eddicos.<\/p>\n\n\n\n<figure class=\"wp-block-image size-full\"><a href=\"https:\/\/alminutonoticia.com\/noticias\/wp-content\/uploads\/2024\/09\/defensoria-732x470-1.jpg\"><img fetchpriority=\"high\" decoding=\"async\" width=\"732\" height=\"470\" src=\"https:\/\/alminutonoticia.com\/noticias\/wp-content\/uploads\/2024\/09\/defensoria-732x470-1.jpg\" alt=\"\" class=\"wp-image-12844\" title=\"\" srcset=\"https:\/\/alminutonoticia.com\/noticias\/wp-content\/uploads\/2024\/09\/defensoria-732x470-1.jpg 732w, https:\/\/alminutonoticia.com\/noticias\/wp-content\/uploads\/2024\/09\/defensoria-732x470-1-300x193.jpg 300w\" sizes=\"(max-width: 732px) 100vw, 732px\" \/><\/a><\/figure>\n","protected":false},"excerpt":{"rendered":"<p>El Defensor del Pueblo, Eduardo Leblanc Gonz\u00e1lez, se reuni\u00f3 nuevamente con los directivos de la empresa distribuidora y de generaci\u00f3n el\u00e9ctrica Naturgy, a quienes les solicit\u00f3 garantizar la reparaci\u00f3n y la no repetici\u00f3n de quejas de los usuarios sobre la calidad del servicio el\u00e9ctrico, situaci\u00f3n que gener\u00f3 una resoluci\u00f3n defensorial de vulneraci\u00f3n de derechos humanos. [&hellip;]<\/p>\n","protected":false},"author":3,"featured_media":12844,"comment_status":"open","ping_status":"open","sticky":false,"template":"","format":"standard","meta":{"footnotes":""},"categories":[36],"tags":[],"class_list":["post-12843","post","type-post","status-publish","format-standard","has-post-thumbnail","hentry","category-nacionales"],"_links":{"self":[{"href":"https:\/\/alminutonoticia.com\/noticias\/wp-json\/wp\/v2\/posts\/12843","targetHints":{"allow":["GET"]}}],"collection":[{"href":"https:\/\/alminutonoticia.com\/noticias\/wp-json\/wp\/v2\/posts"}],"about":[{"href":"https:\/\/alminutonoticia.com\/noticias\/wp-json\/wp\/v2\/types\/post"}],"author":[{"embeddable":true,"href":"https:\/\/alminutonoticia.com\/noticias\/wp-json\/wp\/v2\/users\/3"}],"replies":[{"embeddable":true,"href":"https:\/\/alminutonoticia.com\/noticias\/wp-json\/wp\/v2\/comments?post=12843"}],"version-history":[{"count":1,"href":"https:\/\/alminutonoticia.com\/noticias\/wp-json\/wp\/v2\/posts\/12843\/revisions"}],"predecessor-version":[{"id":12845,"href":"https:\/\/alminutonoticia.com\/noticias\/wp-json\/wp\/v2\/posts\/12843\/revisions\/12845"}],"wp:featuredmedia":[{"embeddable":true,"href":"https:\/\/alminutonoticia.com\/noticias\/wp-json\/wp\/v2\/media\/12844"}],"wp:attachment":[{"href":"https:\/\/alminutonoticia.com\/noticias\/wp-json\/wp\/v2\/media?parent=12843"}],"wp:term":[{"taxonomy":"category","embeddable":true,"href":"https:\/\/alminutonoticia.com\/noticias\/wp-json\/wp\/v2\/categories?post=12843"},{"taxonomy":"post_tag","embeddable":true,"href":"https:\/\/alminutonoticia.com\/noticias\/wp-json\/wp\/v2\/tags?post=12843"}],"curies":[{"name":"wp","href":"https:\/\/api.w.org\/{rel}","templated":true}]}}