{"id":12837,"date":"2024-09-25T05:16:04","date_gmt":"2024-09-25T05:16:04","guid":{"rendered":"https:\/\/alminutonoticia.com\/noticias\/?p=12837"},"modified":"2024-09-25T05:16:07","modified_gmt":"2024-09-25T05:16:07","slug":"empieza-la-jornada-de-sensibilizacion-para-el-primer-simulacro-nacional-de-evacuacion","status":"publish","type":"post","link":"https:\/\/alminutonoticia.com\/noticias\/empieza-la-jornada-de-sensibilizacion-para-el-primer-simulacro-nacional-de-evacuacion\/","title":{"rendered":"Empieza la jornada de sensibilizaci\u00f3n para el Primer Simulacro Nacional de Evacuaci\u00f3n\u00a0"},"content":{"rendered":"\n<p>Con lema \u201cEducar Salva Vidas\u201d empez\u00f3 la fase para sensibilizar e informar a la poblaci\u00f3n sobre el Primer Simulacro Nacional de Evacuaci\u00f3n que lidera el ministerio de Gobierno, el Sistema Nacional de Protecci\u00f3n Civil y la participaci\u00f3n de las instituciones de seguridad y emergencia en todo el pa\u00eds.<\/p>\n\n\n\n<p>Este Primer Simulacro Nacional de Evacuaci\u00f3n se har\u00e1 el pr\u00f3ximo 14 de octubre de 2024, cuando ocurran varios siniestros en diversos puntos de la geograf\u00eda nacional.<\/p>\n\n\n\n<p>La fase de informar a la poblaci\u00f3n se desarroll\u00f3 el s\u00e1bado, 21 de septiembre del presente a\u00f1o con la entrega de tr\u00edpticos en puntos estrat\u00e9gicos de concentraci\u00f3n de personas, donde participaron unidades de bomberos, junto a integrantes del Sistema Nacional de Protecci\u00f3n Civil (Sinaproc).<\/p>\n\n\n\n<p>Los puntos fueron: La Plaza 5 de mayo, en el distrito capital, la gran Estaci\u00f3n en San Miguelito, centros comerciales en Panam\u00e1 Oeste, el Parque Cervantes y centros comerciales en David, provincia de Chiriqu\u00ed.<\/p>\n\n\n\n<p>La poblaci\u00f3n puede encontrar en los tr\u00edpticos contenidos de inter\u00e9s, muy explicativos y que muestran c\u00f3mo se debe actuar en caso de situaciones de riesgos, ante la ocurrencia de siniestros inesperados como: terremotos, deslizamientos de tierras, inundaciones. Adem\u00e1s de c\u00f3mo planificar el plan de emergencia familiar, c\u00f3mo armar una mochila de emergencia.<\/p>\n\n\n\n<p>La mochila de emergencia debe incluir: Una muda de ropa y frazada, linterna, f\u00f3sforos y velas, botiqu\u00edn con medicamentos, documentos personales, barra energ\u00e9tica, copia de llaves de la vivienda y auto, botella de agua, bolsas pl\u00e1sticas, radio y bater\u00edas.<\/p>\n\n\n\n<p>El Primer Simulacro Nacional de Evacuaci\u00f3n busca fortalecer las capacidades t\u00e9cnicas y operativas de las diversas instituciones de emergencias y seguridad y poner en pr\u00e1ctica los planes de emergencia y trabajar junto a la poblaci\u00f3n en la prevenci\u00f3n de riesgos.<\/p>\n\n\n\n<p>Esta iniciativa cuenta con la coordinaci\u00f3n del Gabinete de Gesti\u00f3n de Riesgo de Desastres (GIRD), el Ministerio de Gobierno (MINGOB), el Sistema Nacional de Protecci\u00f3n Civil (Sinaproc), el Benem\u00e9rito Cuerpo de Bomberos de Panam\u00e1, el Servicio Nacional de Fronteras (Senafront), el Servicio Nacional Aeronaval (Senan), la Polic\u00eda Nacional, la Cruz Roja Paname\u00f1a, la Universidad de Panam\u00e1, la Secretar\u00eda Nacional de Discapacidad (Senadis), el Instituto de Meteorolog\u00eda e Hidrolog\u00eda de Panam\u00e1 (IMHPA), el Ministerio de Educaci\u00f3n (Meduca), el Tribunal Electoral y varias entidades del sector privado.<\/p>\n\n\n\n<p>Foto y texto del Cuerpo de Bomberos.<\/p>\n\n\n\n<figure class=\"wp-block-image size-full\"><a href=\"https:\/\/alminutonoticia.com\/noticias\/wp-content\/uploads\/2024\/09\/simulacros-770x470-1.jpg\"><img fetchpriority=\"high\" decoding=\"async\" width=\"770\" height=\"470\" src=\"https:\/\/alminutonoticia.com\/noticias\/wp-content\/uploads\/2024\/09\/simulacros-770x470-1.jpg\" alt=\"\" class=\"wp-image-12838\" title=\"\" srcset=\"https:\/\/alminutonoticia.com\/noticias\/wp-content\/uploads\/2024\/09\/simulacros-770x470-1.jpg 770w, https:\/\/alminutonoticia.com\/noticias\/wp-content\/uploads\/2024\/09\/simulacros-770x470-1-300x183.jpg 300w, https:\/\/alminutonoticia.com\/noticias\/wp-content\/uploads\/2024\/09\/simulacros-770x470-1-768x469.jpg 768w\" sizes=\"(max-width: 770px) 100vw, 770px\" \/><\/a><\/figure>\n","protected":false},"excerpt":{"rendered":"<p>Con lema \u201cEducar Salva Vidas\u201d empez\u00f3 la fase para sensibilizar e informar a la poblaci\u00f3n sobre el Primer Simulacro Nacional de Evacuaci\u00f3n que lidera el ministerio de Gobierno, el Sistema Nacional de Protecci\u00f3n Civil y la participaci\u00f3n de las instituciones de seguridad y emergencia en todo el pa\u00eds. Este Primer Simulacro Nacional de Evacuaci\u00f3n se [&hellip;]<\/p>\n","protected":false},"author":3,"featured_media":12838,"comment_status":"open","ping_status":"open","sticky":false,"template":"","format":"standard","meta":{"footnotes":""},"categories":[36],"tags":[],"class_list":["post-12837","post","type-post","status-publish","format-standard","has-post-thumbnail","hentry","category-nacionales"],"_links":{"self":[{"href":"https:\/\/alminutonoticia.com\/noticias\/wp-json\/wp\/v2\/posts\/12837","targetHints":{"allow":["GET"]}}],"collection":[{"href":"https:\/\/alminutonoticia.com\/noticias\/wp-json\/wp\/v2\/posts"}],"about":[{"href":"https:\/\/alminutonoticia.com\/noticias\/wp-json\/wp\/v2\/types\/post"}],"author":[{"embeddable":true,"href":"https:\/\/alminutonoticia.com\/noticias\/wp-json\/wp\/v2\/users\/3"}],"replies":[{"embeddable":true,"href":"https:\/\/alminutonoticia.com\/noticias\/wp-json\/wp\/v2\/comments?post=12837"}],"version-history":[{"count":1,"href":"https:\/\/alminutonoticia.com\/noticias\/wp-json\/wp\/v2\/posts\/12837\/revisions"}],"predecessor-version":[{"id":12839,"href":"https:\/\/alminutonoticia.com\/noticias\/wp-json\/wp\/v2\/posts\/12837\/revisions\/12839"}],"wp:featuredmedia":[{"embeddable":true,"href":"https:\/\/alminutonoticia.com\/noticias\/wp-json\/wp\/v2\/media\/12838"}],"wp:attachment":[{"href":"https:\/\/alminutonoticia.com\/noticias\/wp-json\/wp\/v2\/media?parent=12837"}],"wp:term":[{"taxonomy":"category","embeddable":true,"href":"https:\/\/alminutonoticia.com\/noticias\/wp-json\/wp\/v2\/categories?post=12837"},{"taxonomy":"post_tag","embeddable":true,"href":"https:\/\/alminutonoticia.com\/noticias\/wp-json\/wp\/v2\/tags?post=12837"}],"curies":[{"name":"wp","href":"https:\/\/api.w.org\/{rel}","templated":true}]}}