{"id":12828,"date":"2024-09-25T05:10:32","date_gmt":"2024-09-25T05:10:32","guid":{"rendered":"https:\/\/alminutonoticia.com\/noticias\/?p=12828"},"modified":"2024-09-25T05:10:34","modified_gmt":"2024-09-25T05:10:34","slug":"mulino-es-recibido-en-la-onu-donde-manana-dara-su-primer-mensaje-al-mundo-en-defensa-de-panama","status":"publish","type":"post","link":"https:\/\/alminutonoticia.com\/noticias\/mulino-es-recibido-en-la-onu-donde-manana-dara-su-primer-mensaje-al-mundo-en-defensa-de-panama\/","title":{"rendered":"Mulino es recibido en la ONU, donde ma\u00f1ana dar\u00e1 su primer mensaje al mundo en defensa de Panam\u00e1"},"content":{"rendered":"\n<p>El presidente de la Rep\u00fablica, Jos\u00e9 Ra\u00fal Mulino, particip\u00f3 hoy en la inauguraci\u00f3n de la 79\u00aa Asamblea General de la Organizaci\u00f3n de las Naciones Unidas (ONU), donde dar\u00e1 ma\u00f1ana, mi\u00e9rcoles, su primer discurso como mandatario de Panam\u00e1.<\/p>\n\n\n\n<p>A su llegada hoy a la sede de la ONU en Nueva York, Mulino fue recibido en un acto protocolar por el secretario general de este organismo que aglutina a 143 pa\u00edses, Ant\u00f3nio Guterres; la secretaria general adjunta, Amina J. Mohammed; y Earle Courtenay, director ejecutivo.<\/p>\n\n\n\n<p>Tras ello, Mulino particip\u00f3 de la inauguraci\u00f3n de la Asamblea General de la ONU, una cumbre de jefes de Estados que se extiende hasta ma\u00f1ana y que tiene como objetivo principal acelerar el progreso hacia los 17 Objetivos de Desarrollo Sostenible (ODS).<\/p>\n\n\n\n<p>Recientemente el presidente Mulino indic\u00f3 que plantear\u00e1 ante Naciones Unidas la gravedad de la crisis migratoria, y el costo humano, ambiental y econ\u00f3mico monumentales que Panam\u00e1 enfrenta por atender a miles de personas que atraviesan la frontera con Colombia en su viaje hacia Estados Unidos.<\/p>\n\n\n\n<p>En cuanto a las listas discriminatorias en temas de blanqueo de capitales y combate al crimen organizado y el terrorismo, plantear\u00e1 la injusticia a la cual se est\u00e1 sometiendo a Panam\u00e1. \u201cVamos a explicar claramente por qu\u00e9 cooperamos y en qu\u00e9 estamos cooperando. No es cierto que Panam\u00e1 es un pa\u00eds no cooperador. Todos los esfuerzos del sistema para ayudar en este tema, est\u00e1n sobre la mesa\u201d, sostuvo el presidente.<\/p>\n\n\n\n<figure class=\"wp-block-image size-full\"><a href=\"https:\/\/alminutonoticia.com\/noticias\/wp-content\/uploads\/2024\/09\/onus-770x470-1.jpeg\"><img fetchpriority=\"high\" decoding=\"async\" width=\"770\" height=\"470\" src=\"https:\/\/alminutonoticia.com\/noticias\/wp-content\/uploads\/2024\/09\/onus-770x470-1.jpeg\" alt=\"\" class=\"wp-image-12829\" title=\"\" srcset=\"https:\/\/alminutonoticia.com\/noticias\/wp-content\/uploads\/2024\/09\/onus-770x470-1.jpeg 770w, https:\/\/alminutonoticia.com\/noticias\/wp-content\/uploads\/2024\/09\/onus-770x470-1-300x183.jpeg 300w, https:\/\/alminutonoticia.com\/noticias\/wp-content\/uploads\/2024\/09\/onus-770x470-1-768x469.jpeg 768w\" sizes=\"(max-width: 770px) 100vw, 770px\" \/><\/a><\/figure>\n","protected":false},"excerpt":{"rendered":"<p>El presidente de la Rep\u00fablica, Jos\u00e9 Ra\u00fal Mulino, particip\u00f3 hoy en la inauguraci\u00f3n de la 79\u00aa Asamblea General de la Organizaci\u00f3n de las Naciones Unidas (ONU), donde dar\u00e1 ma\u00f1ana, mi\u00e9rcoles, su primer discurso como mandatario de Panam\u00e1. A su llegada hoy a la sede de la ONU en Nueva York, Mulino fue recibido en un [&hellip;]<\/p>\n","protected":false},"author":3,"featured_media":12829,"comment_status":"open","ping_status":"open","sticky":false,"template":"","format":"standard","meta":{"footnotes":""},"categories":[36,39],"tags":[],"class_list":["post-12828","post","type-post","status-publish","format-standard","has-post-thumbnail","hentry","category-nacionales","category-internacionales"],"_links":{"self":[{"href":"https:\/\/alminutonoticia.com\/noticias\/wp-json\/wp\/v2\/posts\/12828","targetHints":{"allow":["GET"]}}],"collection":[{"href":"https:\/\/alminutonoticia.com\/noticias\/wp-json\/wp\/v2\/posts"}],"about":[{"href":"https:\/\/alminutonoticia.com\/noticias\/wp-json\/wp\/v2\/types\/post"}],"author":[{"embeddable":true,"href":"https:\/\/alminutonoticia.com\/noticias\/wp-json\/wp\/v2\/users\/3"}],"replies":[{"embeddable":true,"href":"https:\/\/alminutonoticia.com\/noticias\/wp-json\/wp\/v2\/comments?post=12828"}],"version-history":[{"count":1,"href":"https:\/\/alminutonoticia.com\/noticias\/wp-json\/wp\/v2\/posts\/12828\/revisions"}],"predecessor-version":[{"id":12830,"href":"https:\/\/alminutonoticia.com\/noticias\/wp-json\/wp\/v2\/posts\/12828\/revisions\/12830"}],"wp:featuredmedia":[{"embeddable":true,"href":"https:\/\/alminutonoticia.com\/noticias\/wp-json\/wp\/v2\/media\/12829"}],"wp:attachment":[{"href":"https:\/\/alminutonoticia.com\/noticias\/wp-json\/wp\/v2\/media?parent=12828"}],"wp:term":[{"taxonomy":"category","embeddable":true,"href":"https:\/\/alminutonoticia.com\/noticias\/wp-json\/wp\/v2\/categories?post=12828"},{"taxonomy":"post_tag","embeddable":true,"href":"https:\/\/alminutonoticia.com\/noticias\/wp-json\/wp\/v2\/tags?post=12828"}],"curies":[{"name":"wp","href":"https:\/\/api.w.org\/{rel}","templated":true}]}}