{"id":1281,"date":"2023-02-23T11:44:39","date_gmt":"2023-02-23T11:44:39","guid":{"rendered":"https:\/\/alminutonoticia.com\/noticias\/?p=1281"},"modified":"2023-02-24T06:00:36","modified_gmt":"2023-02-24T06:00:36","slug":"escuelas-oficiales-cuentan-con-el-fece-para-mejoras","status":"publish","type":"post","link":"https:\/\/alminutonoticia.com\/noticias\/escuelas-oficiales-cuentan-con-el-fece-para-mejoras\/","title":{"rendered":"Escuelas oficiales cuentan con el FECE para mejoras"},"content":{"rendered":"\n<p>El Ministerio de Educaci\u00f3n (Meduca), por medio de la Oficina del Fondo de Equidad y Calidad de la Educaci\u00f3n (FECE), inform\u00f3 que los centros educativos oficiales reciben una partida anual que se divide en tres periodos y que debe ser utilizada debidamente por los directores de cada plantel escolar para atender las necesidades b\u00e1sicas de sus escuelas.<\/p>\n\n\n\n<p>La directora del FECE, Mireida De Gracia, dijo que todos los meses en el portal del Meduca \u2013en el nodo de transparencia\u2013 se actualizan y publican todos los dep\u00f3sitos que se les asignan a cada centro escolar.<\/p>\n\n\n\n<p>Al ingresar a&nbsp;&nbsp;<a href=\"https:\/\/www.meduca.gob.pa\/transparencia\/articulo10\/proyectos_institucionales\" target=\"_blank\" rel=\"noreferrer noopener\">https:\/\/www.meduca.gob.pa\/transparencia\/articulo10\/proyectos_institucionales<\/a>, luego proyectos institucionales y FECE, se especifican los archivos de trasparencia que indican los informes de tr\u00e1mites, pagos que se realizan en las escuelas, desde 2019 a febrero de 2023, explic\u00f3 De Gracia.<\/p>\n\n\n\n<p>All\u00ed encontrar\u00e1n qu\u00e9 partida se est\u00e1 pagando, las que est\u00e1n en tr\u00e1mite y cu\u00e1ndo se les deposit\u00f3 o se desembols\u00f3 en el Banco Nacional. Tambi\u00e9n, el cierre de cada mes. Actualmente, se hace cada 15 d\u00edas, esto se env\u00eda a los directores de escuelas, el estatus de las cuentas bancarias para que puedan conversar con los directores regionales de sus \u00e1reas y atender las necesidades de los centros educativos.<\/p>\n\n\n\n<p>Destac\u00f3 que, despu\u00e9s de la participaci\u00f3n&nbsp;en la Mesa de la Di\u00e1logo, se logr\u00f3 con la Direcci\u00f3n General de Contrataciones P\u00fablicas, que se permitiera a todos los colegios comprar fuera del portal, pueden trabajar con cotizaciones manuales hasta B\/.10,000 en compras&nbsp;y, si es m\u00e1s de esta&nbsp;cantidad, debe entrar en acto p\u00fablico.<\/p>\n\n\n\n<p>De Gracia manifest\u00f3 que el FECE, est\u00e1 debidamente centralizado, porque se le asigna a los centros educativos, cubre la asignaci\u00f3n que se le hace anualmente un 75% para la inversi\u00f3n en rehabilitaci\u00f3n, mantenimiento de infraestructuras, compra de equipo, adquisici\u00f3n y mantenimiento de tecnolog\u00eda para aulas, mobiliario escolar, herramientas, material did\u00e1ctico, en fin todo, lo que el colegio necesite y el 25% se destina a bienestar estudiantil, para suplir necesidades de alimentaci\u00f3n, transporte, salud, donaciones, actividades recreativas y culturales para aquellos estudiantes que lo necesiten.<\/p>\n\n\n\n<figure class=\"wp-block-image size-full\"><a href=\"https:\/\/alminutonoticia.com\/noticias\/wp-content\/uploads\/2023\/02\/DSC0202_Blue_0.jpg\"><img fetchpriority=\"high\" decoding=\"async\" width=\"765\" height=\"501\" src=\"https:\/\/alminutonoticia.com\/noticias\/wp-content\/uploads\/2023\/02\/DSC0202_Blue_0.jpg\" alt=\"\" class=\"wp-image-1282\" title=\"\" srcset=\"https:\/\/alminutonoticia.com\/noticias\/wp-content\/uploads\/2023\/02\/DSC0202_Blue_0.jpg 765w, https:\/\/alminutonoticia.com\/noticias\/wp-content\/uploads\/2023\/02\/DSC0202_Blue_0-300x196.jpg 300w\" sizes=\"(max-width: 765px) 100vw, 765px\" \/><\/a><\/figure>\n","protected":false},"excerpt":{"rendered":"<p>El Ministerio de Educaci\u00f3n (Meduca), por medio de la Oficina del Fondo de Equidad y Calidad de la Educaci\u00f3n (FECE), inform\u00f3 que los centros educativos oficiales reciben una partida anual que se divide en tres periodos y que debe ser utilizada debidamente por los directores de cada plantel escolar para atender las necesidades b\u00e1sicas de [&hellip;]<\/p>\n","protected":false},"author":3,"featured_media":1282,"comment_status":"open","ping_status":"open","sticky":false,"template":"","format":"standard","meta":{"footnotes":""},"categories":[36],"tags":[],"class_list":["post-1281","post","type-post","status-publish","format-standard","has-post-thumbnail","hentry","category-nacionales"],"_links":{"self":[{"href":"https:\/\/alminutonoticia.com\/noticias\/wp-json\/wp\/v2\/posts\/1281","targetHints":{"allow":["GET"]}}],"collection":[{"href":"https:\/\/alminutonoticia.com\/noticias\/wp-json\/wp\/v2\/posts"}],"about":[{"href":"https:\/\/alminutonoticia.com\/noticias\/wp-json\/wp\/v2\/types\/post"}],"author":[{"embeddable":true,"href":"https:\/\/alminutonoticia.com\/noticias\/wp-json\/wp\/v2\/users\/3"}],"replies":[{"embeddable":true,"href":"https:\/\/alminutonoticia.com\/noticias\/wp-json\/wp\/v2\/comments?post=1281"}],"version-history":[{"count":1,"href":"https:\/\/alminutonoticia.com\/noticias\/wp-json\/wp\/v2\/posts\/1281\/revisions"}],"predecessor-version":[{"id":1283,"href":"https:\/\/alminutonoticia.com\/noticias\/wp-json\/wp\/v2\/posts\/1281\/revisions\/1283"}],"wp:featuredmedia":[{"embeddable":true,"href":"https:\/\/alminutonoticia.com\/noticias\/wp-json\/wp\/v2\/media\/1282"}],"wp:attachment":[{"href":"https:\/\/alminutonoticia.com\/noticias\/wp-json\/wp\/v2\/media?parent=1281"}],"wp:term":[{"taxonomy":"category","embeddable":true,"href":"https:\/\/alminutonoticia.com\/noticias\/wp-json\/wp\/v2\/categories?post=1281"},{"taxonomy":"post_tag","embeddable":true,"href":"https:\/\/alminutonoticia.com\/noticias\/wp-json\/wp\/v2\/tags?post=1281"}],"curies":[{"name":"wp","href":"https:\/\/api.w.org\/{rel}","templated":true}]}}