{"id":12790,"date":"2024-09-04T01:29:16","date_gmt":"2024-09-04T01:29:16","guid":{"rendered":"https:\/\/alminutonoticia.com\/noticias\/?p=12790"},"modified":"2024-09-04T01:29:18","modified_gmt":"2024-09-04T01:29:18","slug":"tres-menores-de-edad-fueron-detectados-en-el-primer-dia-de-toque-de-queda-en-colon","status":"publish","type":"post","link":"https:\/\/alminutonoticia.com\/noticias\/tres-menores-de-edad-fueron-detectados-en-el-primer-dia-de-toque-de-queda-en-colon\/","title":{"rendered":"Tres menores de edad fueron detectados en el primer d\u00eda de toque de queda en Col\u00f3n"},"content":{"rendered":"\n<p>Durante el primer d\u00eda de implementaci\u00f3n del toque de queda en la provincia de Col\u00f3n, la Polic\u00eda Nacional detecta a tres menores, quienes se encontraban en la v\u00eda p\u00fablica en horas no permitidas, dijo el subcomisionado Javier Batista, ejecutivo de la Zona Policial de Col\u00f3n.<\/p>\n\n\n\n<p>El operativo, que tiene como objetivo reducir la presencia de menores en las calles durante horas nocturnas para prevenir situaciones de riesgo, fue llevado a cabo por unidades policiales y autoridades competentes.<\/p>\n\n\n\n<p>Los menores fueron trasladados a las autoridades competentes donde se contact\u00f3 a sus respectivos padres o tutores para su entrega y reiterarles la importancia de cumplir con la normativa vigente.<\/p>\n\n\n\n<p>La reglamentaci\u00f3n contempla los horarios del toque de queda de domingo a jueves de 8:00 p.m. a 5:00 a.m. y de viernes a s\u00e1bado de 9:00 p.m. a 6:00 a.m.<\/p>\n\n\n\n<p>Las autoridades hacen un llamado a los padres de familia y tutores a reforzar la supervisi\u00f3n de los menores, record\u00e1ndoles la responsabilidad de asegurar que se cumpla el toque de queda, y as\u00ed contribuir al orden y la seguridad en la comunidad.<\/p>\n\n\n\n<p>El toque de queda contin\u00faa en la provincia de Col\u00f3n con operativos constantes para garantizar su cumplimiento y proteger a los menores de situaciones que puedan poner en riesgo su bienestar.<\/p>\n\n\n\n<figure class=\"wp-block-image size-full\"><a href=\"https:\/\/alminutonoticia.com\/noticias\/wp-content\/uploads\/2024\/09\/colones-770x470-1.jpg\"><img fetchpriority=\"high\" decoding=\"async\" width=\"770\" height=\"470\" src=\"https:\/\/alminutonoticia.com\/noticias\/wp-content\/uploads\/2024\/09\/colones-770x470-1.jpg\" alt=\"\" class=\"wp-image-12791\" title=\"\" srcset=\"https:\/\/alminutonoticia.com\/noticias\/wp-content\/uploads\/2024\/09\/colones-770x470-1.jpg 770w, https:\/\/alminutonoticia.com\/noticias\/wp-content\/uploads\/2024\/09\/colones-770x470-1-300x183.jpg 300w, https:\/\/alminutonoticia.com\/noticias\/wp-content\/uploads\/2024\/09\/colones-770x470-1-768x469.jpg 768w\" sizes=\"(max-width: 770px) 100vw, 770px\" \/><\/a><\/figure>\n","protected":false},"excerpt":{"rendered":"<p>Durante el primer d\u00eda de implementaci\u00f3n del toque de queda en la provincia de Col\u00f3n, la Polic\u00eda Nacional detecta a tres menores, quienes se encontraban en la v\u00eda p\u00fablica en horas no permitidas, dijo el subcomisionado Javier Batista, ejecutivo de la Zona Policial de Col\u00f3n. El operativo, que tiene como objetivo reducir la presencia de [&hellip;]<\/p>\n","protected":false},"author":3,"featured_media":12791,"comment_status":"open","ping_status":"open","sticky":false,"template":"","format":"standard","meta":{"footnotes":""},"categories":[36],"tags":[],"class_list":["post-12790","post","type-post","status-publish","format-standard","has-post-thumbnail","hentry","category-nacionales"],"_links":{"self":[{"href":"https:\/\/alminutonoticia.com\/noticias\/wp-json\/wp\/v2\/posts\/12790","targetHints":{"allow":["GET"]}}],"collection":[{"href":"https:\/\/alminutonoticia.com\/noticias\/wp-json\/wp\/v2\/posts"}],"about":[{"href":"https:\/\/alminutonoticia.com\/noticias\/wp-json\/wp\/v2\/types\/post"}],"author":[{"embeddable":true,"href":"https:\/\/alminutonoticia.com\/noticias\/wp-json\/wp\/v2\/users\/3"}],"replies":[{"embeddable":true,"href":"https:\/\/alminutonoticia.com\/noticias\/wp-json\/wp\/v2\/comments?post=12790"}],"version-history":[{"count":1,"href":"https:\/\/alminutonoticia.com\/noticias\/wp-json\/wp\/v2\/posts\/12790\/revisions"}],"predecessor-version":[{"id":12792,"href":"https:\/\/alminutonoticia.com\/noticias\/wp-json\/wp\/v2\/posts\/12790\/revisions\/12792"}],"wp:featuredmedia":[{"embeddable":true,"href":"https:\/\/alminutonoticia.com\/noticias\/wp-json\/wp\/v2\/media\/12791"}],"wp:attachment":[{"href":"https:\/\/alminutonoticia.com\/noticias\/wp-json\/wp\/v2\/media?parent=12790"}],"wp:term":[{"taxonomy":"category","embeddable":true,"href":"https:\/\/alminutonoticia.com\/noticias\/wp-json\/wp\/v2\/categories?post=12790"},{"taxonomy":"post_tag","embeddable":true,"href":"https:\/\/alminutonoticia.com\/noticias\/wp-json\/wp\/v2\/tags?post=12790"}],"curies":[{"name":"wp","href":"https:\/\/api.w.org\/{rel}","templated":true}]}}