{"id":12784,"date":"2024-09-03T09:30:36","date_gmt":"2024-09-03T09:30:36","guid":{"rendered":"https:\/\/alminutonoticia.com\/noticias\/?p=12784"},"modified":"2024-09-03T09:30:37","modified_gmt":"2024-09-03T09:30:37","slug":"migracion-y-senafront-retienen-a-seis-indios-en-estacion-temporal-de-darien-trataron-de-evadirse","status":"publish","type":"post","link":"https:\/\/alminutonoticia.com\/noticias\/migracion-y-senafront-retienen-a-seis-indios-en-estacion-temporal-de-darien-trataron-de-evadirse\/","title":{"rendered":"Migraci\u00f3n y Senafront retienen a seis indios en Estaci\u00f3n Temporal de Dari\u00e9n, trataron de evadirse\u00a0\u00a0"},"content":{"rendered":"\n<p>Unidades del Servicio Nacional de Migraci\u00f3n (SNM), en labor conjunta con el Servicio Nacional de Fronteras, (Senafront), retuvieron el d\u00eda 30 de agosto, a 6 ciudadanos nacidos en India, que trataron de evadirse de la Estaci\u00f3n Temporal de Lajas Blancas, en Dari\u00e9n.<\/p>\n\n\n\n<p>Todos los nacionales de la India, son hombres y oscilan entre las edades de 30 hasta 50 a\u00f1os.<\/p>\n\n\n\n<p>Al momento de la verificaci\u00f3n, realizada en el \u00e1rea de Sans\u00f3n, provincia de Dari\u00e9n, ninguno de ellos, manten\u00eda documentos, por lo que fueron puestos a las \u00f3rdenes de las autoridades competentes.<\/p>\n\n\n\n<figure class=\"wp-block-image size-full\"><a href=\"https:\/\/alminutonoticia.com\/noticias\/wp-content\/uploads\/2024\/09\/migrantes-770x470-1.jpg\"><img fetchpriority=\"high\" decoding=\"async\" width=\"770\" height=\"470\" src=\"https:\/\/alminutonoticia.com\/noticias\/wp-content\/uploads\/2024\/09\/migrantes-770x470-1.jpg\" alt=\"\" class=\"wp-image-12785\" title=\"\" srcset=\"https:\/\/alminutonoticia.com\/noticias\/wp-content\/uploads\/2024\/09\/migrantes-770x470-1.jpg 770w, https:\/\/alminutonoticia.com\/noticias\/wp-content\/uploads\/2024\/09\/migrantes-770x470-1-300x183.jpg 300w, https:\/\/alminutonoticia.com\/noticias\/wp-content\/uploads\/2024\/09\/migrantes-770x470-1-768x469.jpg 768w\" sizes=\"(max-width: 770px) 100vw, 770px\" \/><\/a><\/figure>\n","protected":false},"excerpt":{"rendered":"<p>Unidades del Servicio Nacional de Migraci\u00f3n (SNM), en labor conjunta con el Servicio Nacional de Fronteras, (Senafront), retuvieron el d\u00eda 30 de agosto, a 6 ciudadanos nacidos en India, que trataron de evadirse de la Estaci\u00f3n Temporal de Lajas Blancas, en Dari\u00e9n. Todos los nacionales de la India, son hombres y oscilan entre las edades [&hellip;]<\/p>\n","protected":false},"author":3,"featured_media":12785,"comment_status":"open","ping_status":"open","sticky":false,"template":"","format":"standard","meta":{"footnotes":""},"categories":[36,39],"tags":[],"class_list":["post-12784","post","type-post","status-publish","format-standard","has-post-thumbnail","hentry","category-nacionales","category-internacionales"],"_links":{"self":[{"href":"https:\/\/alminutonoticia.com\/noticias\/wp-json\/wp\/v2\/posts\/12784","targetHints":{"allow":["GET"]}}],"collection":[{"href":"https:\/\/alminutonoticia.com\/noticias\/wp-json\/wp\/v2\/posts"}],"about":[{"href":"https:\/\/alminutonoticia.com\/noticias\/wp-json\/wp\/v2\/types\/post"}],"author":[{"embeddable":true,"href":"https:\/\/alminutonoticia.com\/noticias\/wp-json\/wp\/v2\/users\/3"}],"replies":[{"embeddable":true,"href":"https:\/\/alminutonoticia.com\/noticias\/wp-json\/wp\/v2\/comments?post=12784"}],"version-history":[{"count":1,"href":"https:\/\/alminutonoticia.com\/noticias\/wp-json\/wp\/v2\/posts\/12784\/revisions"}],"predecessor-version":[{"id":12786,"href":"https:\/\/alminutonoticia.com\/noticias\/wp-json\/wp\/v2\/posts\/12784\/revisions\/12786"}],"wp:featuredmedia":[{"embeddable":true,"href":"https:\/\/alminutonoticia.com\/noticias\/wp-json\/wp\/v2\/media\/12785"}],"wp:attachment":[{"href":"https:\/\/alminutonoticia.com\/noticias\/wp-json\/wp\/v2\/media?parent=12784"}],"wp:term":[{"taxonomy":"category","embeddable":true,"href":"https:\/\/alminutonoticia.com\/noticias\/wp-json\/wp\/v2\/categories?post=12784"},{"taxonomy":"post_tag","embeddable":true,"href":"https:\/\/alminutonoticia.com\/noticias\/wp-json\/wp\/v2\/tags?post=12784"}],"curies":[{"name":"wp","href":"https:\/\/api.w.org\/{rel}","templated":true}]}}