{"id":12780,"date":"2024-09-03T09:29:18","date_gmt":"2024-09-03T09:29:18","guid":{"rendered":"https:\/\/alminutonoticia.com\/noticias\/?p=12780"},"modified":"2024-09-03T09:29:20","modified_gmt":"2024-09-03T09:29:20","slug":"jubilados-y-pensionados-se-reunen-con-el-secretario-general-de-la-asamblea-nacional-carlos-alvarado","status":"publish","type":"post","link":"https:\/\/alminutonoticia.com\/noticias\/jubilados-y-pensionados-se-reunen-con-el-secretario-general-de-la-asamblea-nacional-carlos-alvarado\/","title":{"rendered":"Jubilados y pensionados se re\u00fanen con el secretario general de la Asamblea Nacional, Carlos Alvarado"},"content":{"rendered":"\n<p>El secretario general de la Asamblea Nacional, Carlos Alvarado, en representaci\u00f3n de la presidenta del primer \u00f3rgano del Estado, diputada Dana Casta\u00f1eda, se reuni\u00f3 con jubilados y pensionados de la Coordinadora Fecha para informarles sobre el avance que se ha tenido sobre las peticiones econ\u00f3micas del gremio.<\/p>\n\n\n\n<p>Alvarado se\u00f1al\u00f3 que se ha tenido acercamiento con el Ministerio de la Presidencia, para obtener informaci\u00f3n sobre la solicitud efectuada por los jubilados y pensionados, que han realizado diferentes protestas y acciones legales, con el fin de obtener el pago de beneficios adquiridos por ley.<\/p>\n\n\n\n<p>\u00abHemos servido de puente a sus aspiraciones, los hemos actualizado de la gesti\u00f3n y los compromisos que la se\u00f1ora Presidenta ha adquirido en tal sentido, y quedamos pendientes con darle el seguimiento y las futuras reuniones\u00bb, sostuvo Alvarado.<\/p>\n\n\n\n<figure class=\"wp-block-image size-full\"><a href=\"https:\/\/alminutonoticia.com\/noticias\/wp-content\/uploads\/2024\/09\/publicacion_502_3.jpeg\"><img fetchpriority=\"high\" decoding=\"async\" width=\"900\" height=\"600\" src=\"https:\/\/alminutonoticia.com\/noticias\/wp-content\/uploads\/2024\/09\/publicacion_502_3.jpeg\" alt=\"\" class=\"wp-image-12781\" title=\"\" srcset=\"https:\/\/alminutonoticia.com\/noticias\/wp-content\/uploads\/2024\/09\/publicacion_502_3.jpeg 900w, https:\/\/alminutonoticia.com\/noticias\/wp-content\/uploads\/2024\/09\/publicacion_502_3-300x200.jpeg 300w, https:\/\/alminutonoticia.com\/noticias\/wp-content\/uploads\/2024\/09\/publicacion_502_3-768x512.jpeg 768w\" sizes=\"(max-width: 900px) 100vw, 900px\" \/><\/a><\/figure>\n\n\n\n<p>Manifest\u00f3 que el Legislativo gestiona con el Ejecutivo una cortes\u00eda de sala para que los jubilados expongan sus inquietudes y aspiraciones.<\/p>\n\n\n\n<p>\u00abEstamos prestos a recibir y escuchar las inquietudes de todas las organizaciones, para servir como facilitadores, en base a cada reclamaci\u00f3n que tengan que hacerse en este recinto\u00bb, destac\u00f3 Alvarado.<\/p>\n\n\n\n<p>El dirigente H\u00e9ctor \u00c1vila, de la Coordinadora Fecha, calific\u00f3 de productiva la reuni\u00f3n sostenida con el secretario Carlos Alvarado, para que considere sus aspiraciones de aumento a sus pensiones.<\/p>\n\n\n\n<p>\u00abNos vamos motivados por la atenci\u00f3n, ya que es el \u00fanico lugar que tiene espacios para atendernos, lo cual reafirma el compromiso del parlamento\u00bb, puntualiz\u00f3 \u00c1vila.<\/p>\n\n\n\n<figure class=\"wp-block-image size-full\"><a href=\"https:\/\/alminutonoticia.com\/noticias\/wp-content\/uploads\/2024\/09\/publicacion_502_10-770x470-1.jpeg\"><img decoding=\"async\" width=\"770\" height=\"470\" src=\"https:\/\/alminutonoticia.com\/noticias\/wp-content\/uploads\/2024\/09\/publicacion_502_10-770x470-1.jpeg\" alt=\"\" class=\"wp-image-12782\" title=\"\" srcset=\"https:\/\/alminutonoticia.com\/noticias\/wp-content\/uploads\/2024\/09\/publicacion_502_10-770x470-1.jpeg 770w, https:\/\/alminutonoticia.com\/noticias\/wp-content\/uploads\/2024\/09\/publicacion_502_10-770x470-1-300x183.jpeg 300w, https:\/\/alminutonoticia.com\/noticias\/wp-content\/uploads\/2024\/09\/publicacion_502_10-770x470-1-768x469.jpeg 768w\" sizes=\"(max-width: 770px) 100vw, 770px\" \/><\/a><\/figure>\n","protected":false},"excerpt":{"rendered":"<p>El secretario general de la Asamblea Nacional, Carlos Alvarado, en representaci\u00f3n de la presidenta del primer \u00f3rgano del Estado, diputada Dana Casta\u00f1eda, se reuni\u00f3 con jubilados y pensionados de la Coordinadora Fecha para informarles sobre el avance que se ha tenido sobre las peticiones econ\u00f3micas del gremio. Alvarado se\u00f1al\u00f3 que se ha tenido acercamiento con [&hellip;]<\/p>\n","protected":false},"author":3,"featured_media":12782,"comment_status":"open","ping_status":"open","sticky":false,"template":"","format":"standard","meta":{"footnotes":""},"categories":[36],"tags":[],"class_list":["post-12780","post","type-post","status-publish","format-standard","has-post-thumbnail","hentry","category-nacionales"],"_links":{"self":[{"href":"https:\/\/alminutonoticia.com\/noticias\/wp-json\/wp\/v2\/posts\/12780","targetHints":{"allow":["GET"]}}],"collection":[{"href":"https:\/\/alminutonoticia.com\/noticias\/wp-json\/wp\/v2\/posts"}],"about":[{"href":"https:\/\/alminutonoticia.com\/noticias\/wp-json\/wp\/v2\/types\/post"}],"author":[{"embeddable":true,"href":"https:\/\/alminutonoticia.com\/noticias\/wp-json\/wp\/v2\/users\/3"}],"replies":[{"embeddable":true,"href":"https:\/\/alminutonoticia.com\/noticias\/wp-json\/wp\/v2\/comments?post=12780"}],"version-history":[{"count":1,"href":"https:\/\/alminutonoticia.com\/noticias\/wp-json\/wp\/v2\/posts\/12780\/revisions"}],"predecessor-version":[{"id":12783,"href":"https:\/\/alminutonoticia.com\/noticias\/wp-json\/wp\/v2\/posts\/12780\/revisions\/12783"}],"wp:featuredmedia":[{"embeddable":true,"href":"https:\/\/alminutonoticia.com\/noticias\/wp-json\/wp\/v2\/media\/12782"}],"wp:attachment":[{"href":"https:\/\/alminutonoticia.com\/noticias\/wp-json\/wp\/v2\/media?parent=12780"}],"wp:term":[{"taxonomy":"category","embeddable":true,"href":"https:\/\/alminutonoticia.com\/noticias\/wp-json\/wp\/v2\/categories?post=12780"},{"taxonomy":"post_tag","embeddable":true,"href":"https:\/\/alminutonoticia.com\/noticias\/wp-json\/wp\/v2\/tags?post=12780"}],"curies":[{"name":"wp","href":"https:\/\/api.w.org\/{rel}","templated":true}]}}