{"id":12777,"date":"2024-09-03T09:27:30","date_gmt":"2024-09-03T09:27:30","guid":{"rendered":"https:\/\/alminutonoticia.com\/noticias\/?p=12777"},"modified":"2024-09-03T09:27:31","modified_gmt":"2024-09-03T09:27:31","slug":"reprograman-juicio-oral-a-kevin-quintero-acusado-por-el-femicidio-y-delito-sexual-en-perjuicio-de-la-nina-lina-rojas","status":"publish","type":"post","link":"https:\/\/alminutonoticia.com\/noticias\/reprograman-juicio-oral-a-kevin-quintero-acusado-por-el-femicidio-y-delito-sexual-en-perjuicio-de-la-nina-lina-rojas\/","title":{"rendered":"Reprograman juicio oral a Kevin Quintero, acusado por el femicidio y delito sexual en perjuicio de la ni\u00f1a Lina Rojas"},"content":{"rendered":"\n<p>Un Tribunal de Juicio en Chiriqu\u00ed, decidi\u00f3 reprogramar para el 21 de julio del 2025, el juicio oral en contra de Keny Alberto Quintero Cede\u00f1o, acusado por los delitos de femicidio y delito sexual en perjuicio de la ni\u00f1a Lina Rojas (10).<\/p>\n\n\n\n<p>El fiscal Hern\u00e1n de Jes\u00fas Mora, indici\u00f3 que tras la instalaci\u00f3n del Tribunal se pidi\u00f3 suspender el acto, toda vez que se no contaban con la presencia de un perito forense, vital para las partes, lo cual imped\u00eda poder realizar la exposici\u00f3n, a lo que se accedi\u00f3 disponiendo como nueva fecha, la antes se\u00f1alada.<\/p>\n\n\n\n<p>Igualmente se solicit\u00f3 por parte de la defensa t\u00e9cnica, cambio de medida cautelar, toda vez que el \u00fanico acusado se mantiene con detenci\u00f3n provisional desde un a\u00f1o y seis meses, a lo cual la Fiscal\u00eda se opuso, y luego de escuchar las partes, el Tribunal decidi\u00f3 mantener la misma aplicada en primera instancia.<\/p>\n\n\n\n<p>Esta causa guarda relaci\u00f3n con un hecho suscitado el 9 de febrero de 2023, en el distrito de Alanje; cuando la v\u00edctima fue encontrada con golpes en su cuerpo, en un lugar pr\u00f3ximo a su residencia en el distrito de Alanje.<\/p>\n\n\n\n<p>Ello conllev\u00f3 a que fuera trasladada a un centro m\u00e9dico, en donde permaneci\u00f3 por dos d\u00edas, sin embargo, como consecuencia de la agresi\u00f3n recibida, perdi\u00f3 la vida.<\/p>\n\n\n\n<figure class=\"wp-block-image size-full\"><a href=\"https:\/\/alminutonoticia.com\/noticias\/wp-content\/uploads\/2024\/09\/lina-rojasss.jpg\"><img fetchpriority=\"high\" decoding=\"async\" width=\"770\" height=\"470\" src=\"https:\/\/alminutonoticia.com\/noticias\/wp-content\/uploads\/2024\/09\/lina-rojasss.jpg\" alt=\"\" class=\"wp-image-12778\" title=\"\" srcset=\"https:\/\/alminutonoticia.com\/noticias\/wp-content\/uploads\/2024\/09\/lina-rojasss.jpg 770w, https:\/\/alminutonoticia.com\/noticias\/wp-content\/uploads\/2024\/09\/lina-rojasss-300x183.jpg 300w, https:\/\/alminutonoticia.com\/noticias\/wp-content\/uploads\/2024\/09\/lina-rojasss-768x469.jpg 768w\" sizes=\"(max-width: 770px) 100vw, 770px\" \/><\/a><\/figure>\n","protected":false},"excerpt":{"rendered":"<p>Un Tribunal de Juicio en Chiriqu\u00ed, decidi\u00f3 reprogramar para el 21 de julio del 2025, el juicio oral en contra de Keny Alberto Quintero Cede\u00f1o, acusado por los delitos de femicidio y delito sexual en perjuicio de la ni\u00f1a Lina Rojas (10). El fiscal Hern\u00e1n de Jes\u00fas Mora, indici\u00f3 que tras la instalaci\u00f3n del Tribunal [&hellip;]<\/p>\n","protected":false},"author":3,"featured_media":12778,"comment_status":"open","ping_status":"open","sticky":false,"template":"","format":"standard","meta":{"footnotes":""},"categories":[36],"tags":[],"class_list":["post-12777","post","type-post","status-publish","format-standard","has-post-thumbnail","hentry","category-nacionales"],"_links":{"self":[{"href":"https:\/\/alminutonoticia.com\/noticias\/wp-json\/wp\/v2\/posts\/12777","targetHints":{"allow":["GET"]}}],"collection":[{"href":"https:\/\/alminutonoticia.com\/noticias\/wp-json\/wp\/v2\/posts"}],"about":[{"href":"https:\/\/alminutonoticia.com\/noticias\/wp-json\/wp\/v2\/types\/post"}],"author":[{"embeddable":true,"href":"https:\/\/alminutonoticia.com\/noticias\/wp-json\/wp\/v2\/users\/3"}],"replies":[{"embeddable":true,"href":"https:\/\/alminutonoticia.com\/noticias\/wp-json\/wp\/v2\/comments?post=12777"}],"version-history":[{"count":1,"href":"https:\/\/alminutonoticia.com\/noticias\/wp-json\/wp\/v2\/posts\/12777\/revisions"}],"predecessor-version":[{"id":12779,"href":"https:\/\/alminutonoticia.com\/noticias\/wp-json\/wp\/v2\/posts\/12777\/revisions\/12779"}],"wp:featuredmedia":[{"embeddable":true,"href":"https:\/\/alminutonoticia.com\/noticias\/wp-json\/wp\/v2\/media\/12778"}],"wp:attachment":[{"href":"https:\/\/alminutonoticia.com\/noticias\/wp-json\/wp\/v2\/media?parent=12777"}],"wp:term":[{"taxonomy":"category","embeddable":true,"href":"https:\/\/alminutonoticia.com\/noticias\/wp-json\/wp\/v2\/categories?post=12777"},{"taxonomy":"post_tag","embeddable":true,"href":"https:\/\/alminutonoticia.com\/noticias\/wp-json\/wp\/v2\/tags?post=12777"}],"curies":[{"name":"wp","href":"https:\/\/api.w.org\/{rel}","templated":true}]}}