{"id":12768,"date":"2024-09-03T09:22:29","date_gmt":"2024-09-03T09:22:29","guid":{"rendered":"https:\/\/alminutonoticia.com\/noticias\/?p=12768"},"modified":"2024-09-03T09:22:30","modified_gmt":"2024-09-03T09:22:30","slug":"para-atleta-iveth-valdes-es-ingresada-a-un-hospital-en-paris","status":"publish","type":"post","link":"https:\/\/alminutonoticia.com\/noticias\/para-atleta-iveth-valdes-es-ingresada-a-un-hospital-en-paris\/","title":{"rendered":"Para atleta Iveth Vald\u00e9s es ingresada a un hospital en Par\u00eds"},"content":{"rendered":"\n<p>El Comit\u00e9 Paral\u00edmpico de Panam\u00e1 comunic\u00f3 hoy, 2 de septiembre en un comunicado que la paratleta Iveth Vald\u00e9s ha sido ingresada en el hospital Raymond-Pincar\u00e9, para ser sometida a un procedimiento quir\u00fargico, que busca frenar la infecci\u00f3n de una herida que sufri\u00f3 en sus primeros d\u00edas de entrenamiento.<\/p>\n\n\n\n<p>La infecci\u00f3n alcanz\u00f3 sobrepasar el m\u00fasculo y amenaza el tejido \u00f3seo. Los m\u00e9dicos indicaron que la atleta paname\u00f1a se encuentra en tratamiento con antibi\u00f3ticos y vigilancia de signos vitales en espera de ingresar a la sala de operaciones.<\/p>\n\n\n\n<p>Vald\u00e9s se encuentra en buen estado de salud general y de buen \u00e1nimo, destaca el comunicado.La gravedad de la herida ha imposibilitado la participaci\u00f3n de la atleta en los Juegos Paral\u00edmpicos en Par\u00eds, Francia.<\/p>\n\n\n\n<p>La atleta iba a competir en el lanzamiento de disco (30 de agosto) y de jabalina (3 de septiembre).<\/p>\n\n\n\n<figure class=\"wp-block-image size-full\"><a href=\"https:\/\/alminutonoticia.com\/noticias\/wp-content\/uploads\/2024\/09\/ivethes-770x470-1.jpeg\"><img fetchpriority=\"high\" decoding=\"async\" width=\"770\" height=\"470\" src=\"https:\/\/alminutonoticia.com\/noticias\/wp-content\/uploads\/2024\/09\/ivethes-770x470-1.jpeg\" alt=\"\" class=\"wp-image-12769\" title=\"\" srcset=\"https:\/\/alminutonoticia.com\/noticias\/wp-content\/uploads\/2024\/09\/ivethes-770x470-1.jpeg 770w, https:\/\/alminutonoticia.com\/noticias\/wp-content\/uploads\/2024\/09\/ivethes-770x470-1-300x183.jpeg 300w, https:\/\/alminutonoticia.com\/noticias\/wp-content\/uploads\/2024\/09\/ivethes-770x470-1-768x469.jpeg 768w\" sizes=\"(max-width: 770px) 100vw, 770px\" \/><\/a><\/figure>\n","protected":false},"excerpt":{"rendered":"<p>El Comit\u00e9 Paral\u00edmpico de Panam\u00e1 comunic\u00f3 hoy, 2 de septiembre en un comunicado que la paratleta Iveth Vald\u00e9s ha sido ingresada en el hospital Raymond-Pincar\u00e9, para ser sometida a un procedimiento quir\u00fargico, que busca frenar la infecci\u00f3n de una herida que sufri\u00f3 en sus primeros d\u00edas de entrenamiento. La infecci\u00f3n alcanz\u00f3 sobrepasar el m\u00fasculo y [&hellip;]<\/p>\n","protected":false},"author":3,"featured_media":12769,"comment_status":"open","ping_status":"open","sticky":false,"template":"","format":"standard","meta":{"footnotes":""},"categories":[36,40],"tags":[],"class_list":["post-12768","post","type-post","status-publish","format-standard","has-post-thumbnail","hentry","category-nacionales","category-deportes"],"_links":{"self":[{"href":"https:\/\/alminutonoticia.com\/noticias\/wp-json\/wp\/v2\/posts\/12768","targetHints":{"allow":["GET"]}}],"collection":[{"href":"https:\/\/alminutonoticia.com\/noticias\/wp-json\/wp\/v2\/posts"}],"about":[{"href":"https:\/\/alminutonoticia.com\/noticias\/wp-json\/wp\/v2\/types\/post"}],"author":[{"embeddable":true,"href":"https:\/\/alminutonoticia.com\/noticias\/wp-json\/wp\/v2\/users\/3"}],"replies":[{"embeddable":true,"href":"https:\/\/alminutonoticia.com\/noticias\/wp-json\/wp\/v2\/comments?post=12768"}],"version-history":[{"count":1,"href":"https:\/\/alminutonoticia.com\/noticias\/wp-json\/wp\/v2\/posts\/12768\/revisions"}],"predecessor-version":[{"id":12770,"href":"https:\/\/alminutonoticia.com\/noticias\/wp-json\/wp\/v2\/posts\/12768\/revisions\/12770"}],"wp:featuredmedia":[{"embeddable":true,"href":"https:\/\/alminutonoticia.com\/noticias\/wp-json\/wp\/v2\/media\/12769"}],"wp:attachment":[{"href":"https:\/\/alminutonoticia.com\/noticias\/wp-json\/wp\/v2\/media?parent=12768"}],"wp:term":[{"taxonomy":"category","embeddable":true,"href":"https:\/\/alminutonoticia.com\/noticias\/wp-json\/wp\/v2\/categories?post=12768"},{"taxonomy":"post_tag","embeddable":true,"href":"https:\/\/alminutonoticia.com\/noticias\/wp-json\/wp\/v2\/tags?post=12768"}],"curies":[{"name":"wp","href":"https:\/\/api.w.org\/{rel}","templated":true}]}}