{"id":12760,"date":"2024-09-03T09:19:56","date_gmt":"2024-09-03T09:19:56","guid":{"rendered":"https:\/\/alminutonoticia.com\/noticias\/?p=12760"},"modified":"2024-09-03T09:19:58","modified_gmt":"2024-09-03T09:19:58","slug":"el-contralor-solis-y-el-contralor-designado-flores-realizan-la-primera-reunion-de-transicion","status":"publish","type":"post","link":"https:\/\/alminutonoticia.com\/noticias\/el-contralor-solis-y-el-contralor-designado-flores-realizan-la-primera-reunion-de-transicion\/","title":{"rendered":"El contralor Sol\u00eds y el contralor designado Flores realizan la primera reuni\u00f3n de transici\u00f3n"},"content":{"rendered":"\n<p>Este lunes 2 de septiembre se realiz\u00f3 la primera reuni\u00f3n de transici\u00f3n entre el contralor Gerardo Sol\u00eds y el contralor designado, Anel Flores, quien asumir\u00e1 el cargo el pr\u00f3ximo 1 de enero de 2025.<\/p>\n\n\n\n<p>Reuni\u00f3n en la que Sol\u00eds le present\u00f3 al contralor designado su equipo de trabajo en su gesti\u00f3n. \u00abDesde el d\u00eda de hoy, Anel Flores y su equipo de transici\u00f3n cuentan con las puertas abiertas de la Contralor\u00eda. A lo largo de esta y de las pr\u00f3ximas reuniones de trabajo, esperamos facilitarle toda la informaci\u00f3n que el Contralor designado solicite\u00bb, afirm\u00f3 el actual Contralor.<\/p>\n\n\n\n<p>Entreg\u00f3 un documento que, seg\u00fan Sol\u00eds, es la visi\u00f3n de la Contralor\u00eda para los pr\u00f3ximos 30 a\u00f1os, adem\u00e1s de un informe financiero y cambios en su administraci\u00f3n. \u00abEste documento que entreg\u00f3 hoy a Flores resume los 5 a\u00f1os de cambios realizados en Contralor\u00eda. Una comparativa de la Contralor\u00eda que recib\u00ed y la que estoy entregando. Una bit\u00e1cora sobre c\u00f3mo han mejorado nuestros recursos humanos y t\u00e9cnicos en el \u00faltimo quinquenio\u00bb, detall\u00f3.<\/p>\n\n\n\n<figure class=\"wp-block-image size-full\"><a href=\"https:\/\/alminutonoticia.com\/noticias\/wp-content\/uploads\/2024\/09\/contraloria-1024x898-1.jpeg\"><img fetchpriority=\"high\" decoding=\"async\" width=\"1024\" height=\"898\" src=\"https:\/\/alminutonoticia.com\/noticias\/wp-content\/uploads\/2024\/09\/contraloria-1024x898-1.jpeg\" alt=\"\" class=\"wp-image-12762\" title=\"\" srcset=\"https:\/\/alminutonoticia.com\/noticias\/wp-content\/uploads\/2024\/09\/contraloria-1024x898-1.jpeg 1024w, https:\/\/alminutonoticia.com\/noticias\/wp-content\/uploads\/2024\/09\/contraloria-1024x898-1-300x263.jpeg 300w, https:\/\/alminutonoticia.com\/noticias\/wp-content\/uploads\/2024\/09\/contraloria-1024x898-1-768x674.jpeg 768w\" sizes=\"(max-width: 1024px) 100vw, 1024px\" \/><\/a><\/figure>\n\n\n\n<p>El funcionario dej\u00f3 claro que la Contralor\u00eda no tiene por qu\u00e9 ser cogobernante. \u00abLa Contralor\u00eda no administra, la Contralor\u00eda fiscaliza\u00bb, recalc\u00f3.<\/p>\n\n\n\n<p>Tambi\u00e9n destac\u00f3 que le enorgullece ver resultados tangibles y el crecimiento de los funcionarios, preparados para las metas de la nueva administraci\u00f3n.<\/p>\n\n\n\n<p>En cuanto a Flores, manifest\u00f3 que tratar\u00e1 de levantar el prestigio de la Contralor\u00eda y apoyar a los auditores, que en ocasiones tienen miedo denunciar.<\/p>\n\n\n\n<figure class=\"wp-block-image size-full\"><a href=\"https:\/\/alminutonoticia.com\/noticias\/wp-content\/uploads\/2024\/09\/GWfIWy9XcAAPm1X-770x470-2.jpeg\"><img decoding=\"async\" width=\"770\" height=\"470\" src=\"https:\/\/alminutonoticia.com\/noticias\/wp-content\/uploads\/2024\/09\/GWfIWy9XcAAPm1X-770x470-2.jpeg\" alt=\"\" class=\"wp-image-12763\" title=\"\" srcset=\"https:\/\/alminutonoticia.com\/noticias\/wp-content\/uploads\/2024\/09\/GWfIWy9XcAAPm1X-770x470-2.jpeg 770w, https:\/\/alminutonoticia.com\/noticias\/wp-content\/uploads\/2024\/09\/GWfIWy9XcAAPm1X-770x470-2-300x183.jpeg 300w, https:\/\/alminutonoticia.com\/noticias\/wp-content\/uploads\/2024\/09\/GWfIWy9XcAAPm1X-770x470-2-768x469.jpeg 768w\" sizes=\"(max-width: 770px) 100vw, 770px\" \/><\/a><\/figure>\n","protected":false},"excerpt":{"rendered":"<p>Este lunes 2 de septiembre se realiz\u00f3 la primera reuni\u00f3n de transici\u00f3n entre el contralor Gerardo Sol\u00eds y el contralor designado, Anel Flores, quien asumir\u00e1 el cargo el pr\u00f3ximo 1 de enero de 2025. Reuni\u00f3n en la que Sol\u00eds le present\u00f3 al contralor designado su equipo de trabajo en su gesti\u00f3n. \u00abDesde el d\u00eda de [&hellip;]<\/p>\n","protected":false},"author":3,"featured_media":12763,"comment_status":"open","ping_status":"open","sticky":false,"template":"","format":"standard","meta":{"footnotes":""},"categories":[36,38],"tags":[],"class_list":["post-12760","post","type-post","status-publish","format-standard","has-post-thumbnail","hentry","category-nacionales","category-economia"],"_links":{"self":[{"href":"https:\/\/alminutonoticia.com\/noticias\/wp-json\/wp\/v2\/posts\/12760","targetHints":{"allow":["GET"]}}],"collection":[{"href":"https:\/\/alminutonoticia.com\/noticias\/wp-json\/wp\/v2\/posts"}],"about":[{"href":"https:\/\/alminutonoticia.com\/noticias\/wp-json\/wp\/v2\/types\/post"}],"author":[{"embeddable":true,"href":"https:\/\/alminutonoticia.com\/noticias\/wp-json\/wp\/v2\/users\/3"}],"replies":[{"embeddable":true,"href":"https:\/\/alminutonoticia.com\/noticias\/wp-json\/wp\/v2\/comments?post=12760"}],"version-history":[{"count":1,"href":"https:\/\/alminutonoticia.com\/noticias\/wp-json\/wp\/v2\/posts\/12760\/revisions"}],"predecessor-version":[{"id":12764,"href":"https:\/\/alminutonoticia.com\/noticias\/wp-json\/wp\/v2\/posts\/12760\/revisions\/12764"}],"wp:featuredmedia":[{"embeddable":true,"href":"https:\/\/alminutonoticia.com\/noticias\/wp-json\/wp\/v2\/media\/12763"}],"wp:attachment":[{"href":"https:\/\/alminutonoticia.com\/noticias\/wp-json\/wp\/v2\/media?parent=12760"}],"wp:term":[{"taxonomy":"category","embeddable":true,"href":"https:\/\/alminutonoticia.com\/noticias\/wp-json\/wp\/v2\/categories?post=12760"},{"taxonomy":"post_tag","embeddable":true,"href":"https:\/\/alminutonoticia.com\/noticias\/wp-json\/wp\/v2\/tags?post=12760"}],"curies":[{"name":"wp","href":"https:\/\/api.w.org\/{rel}","templated":true}]}}