{"id":12748,"date":"2024-09-03T09:12:46","date_gmt":"2024-09-03T09:12:46","guid":{"rendered":"https:\/\/alminutonoticia.com\/noticias\/?p=12748"},"modified":"2024-09-03T09:12:48","modified_gmt":"2024-09-03T09:12:48","slug":"hospital-santo-tomas-celebra-100-anos-al-servicio-de-la-poblacion-panamena","status":"publish","type":"post","link":"https:\/\/alminutonoticia.com\/noticias\/hospital-santo-tomas-celebra-100-anos-al-servicio-de-la-poblacion-panamena\/","title":{"rendered":"Hospital Santo Tom\u00e1s celebra 100 a\u00f1os al servicio de la poblaci\u00f3n paname\u00f1a"},"content":{"rendered":"\n<p>El Hospital Santo Tom\u00e1s llamado el \u00abelefante blanco\u00bb, cumpli\u00f3 este 1 de septiembre de 2024, 100 a\u00f1os de labor m\u00e9dica al servicio de la salud y el bienestar de la poblaci\u00f3n paname\u00f1a.<\/p>\n\n\n\n<p>Sobre los actos de celebraci\u00f3n del centenario del Hospital Santo Tom\u00e1s, el ministro de Salud, Fernando Boyd Galindo, precis\u00f3 que esta instalaci\u00f3n m\u00e9dica continuar\u00e1 a la vanguardia en materia de atenci\u00f3n con el fortalecimiento de la telemedicina y la implementaci\u00f3n de digitalizaci\u00f3n en todos los servicios.<\/p>\n\n\n\n<p>\u00abLa telemedicina ya es una realidad con extensos programas de docencia y prevenci\u00f3n de salud, se apoya a hospitales de provincias a trav\u00e9s de la telemedicina\u00bb, mencion\u00f3.<\/p>\n\n\n\n<p>Por su parte, El\u00edas Garc\u00eda Mayorca, director m\u00e9dico del Hospital Santo Tom\u00e1s, resalt\u00f3 que el principal logr\u00f3 de esta instalaci\u00f3n de salud de alta complejidad es ir avanzando d\u00eda a d\u00eda, brindando una \u00f3ptima atenci\u00f3n a todos sus usuarios.<\/p>\n\n\n\n<p>Mientras que, Julio Sandoval, presidente del patronato del HST, indic\u00f3 que entre los principales retos se encuentran seguir super\u00e1ndose a trav\u00e9s de los a\u00f1os manteniendo la calidad de atenci\u00f3n a los pacientes.<\/p>\n\n\n\n<p>Durante la actividad se realiz\u00f3 la entrega al titular de Salud, una fotograf\u00eda del \u00abelefante blanco\u00bb, en 1924, obsequiada por el Lic. Juan Antonio Ni\u00f1o.<\/p>\n\n\n\n<p>Las actividades iniciaron con una eucarist\u00eda ofrecida por el arzobispo de Panam\u00e1, Jos\u00e9 Domingo Ulloa en la capilla del hospital.<\/p>\n\n\n\n<p>Fueron entregados diferentes reconocimientos a personal m\u00e9dico y a aquellos protagonistas que ha hecho posible que el HST, brinde la atenci\u00f3n adecuada a todos los que la requieran.<\/p>\n\n\n\n<p><strong>Fuerza laboral<\/strong><\/p>\n\n\n\n<p>Una fuerza laboral de 1,318 colaboradores entre administrativos, m\u00e9dicos y enfermeras dan seguridad de una excelente atenci\u00f3n. Cabe mencionar que est\u00e1 pr\u00f3ximo a abrir sus puertas, el gran \u00abQuir\u00f3fano H\u00edbrido\u00bb, \u00fanico en hospitales del Minsa.<\/p>\n\n\n\n<p><strong>Caracter\u00edsticas<\/strong><br>Es una instalaci\u00f3n de salud p\u00fablica especializada, de tercer nivel de atenci\u00f3n, con alta complejidad, de referencia nacional, que ofrece servicios de salud, docencia e investigaci\u00f3n para la poblaci\u00f3n demandante, utilizando tecnolog\u00eda avanzada, con compromiso social.<\/p>\n\n\n\n<p><strong>Datos hist\u00f3ricos<\/strong><br>En diciembre de 1919, mediante decretos, el presidente Belisario Porras orden\u00f3 la construcci\u00f3n del nuevo Hospital Santo Tom\u00e1s y, casi cinco a\u00f1os despu\u00e9s, el 1 de septiembre de 1924, un nuevo conjunto de edificios, construido en cinco hect\u00e1reas, fue inaugurado en la ubicaci\u00f3n actual, en la avenida Balboa, destinado para dar curaci\u00f3n y alivio a los enfermos de todas las clases sociales.<\/p>\n\n\n\n<figure class=\"wp-block-image size-full\"><a href=\"https:\/\/alminutonoticia.com\/noticias\/wp-content\/uploads\/2024\/09\/60c45d3b-5475-4516-a25d-0964cf158134-770x470-1.jpeg\"><img fetchpriority=\"high\" decoding=\"async\" width=\"770\" height=\"470\" src=\"https:\/\/alminutonoticia.com\/noticias\/wp-content\/uploads\/2024\/09\/60c45d3b-5475-4516-a25d-0964cf158134-770x470-1.jpeg\" alt=\"\" class=\"wp-image-12749\" title=\"\" srcset=\"https:\/\/alminutonoticia.com\/noticias\/wp-content\/uploads\/2024\/09\/60c45d3b-5475-4516-a25d-0964cf158134-770x470-1.jpeg 770w, https:\/\/alminutonoticia.com\/noticias\/wp-content\/uploads\/2024\/09\/60c45d3b-5475-4516-a25d-0964cf158134-770x470-1-300x183.jpeg 300w, https:\/\/alminutonoticia.com\/noticias\/wp-content\/uploads\/2024\/09\/60c45d3b-5475-4516-a25d-0964cf158134-770x470-1-768x469.jpeg 768w\" sizes=\"(max-width: 770px) 100vw, 770px\" \/><\/a><\/figure>\n","protected":false},"excerpt":{"rendered":"<p>El Hospital Santo Tom\u00e1s llamado el \u00abelefante blanco\u00bb, cumpli\u00f3 este 1 de septiembre de 2024, 100 a\u00f1os de labor m\u00e9dica al servicio de la salud y el bienestar de la poblaci\u00f3n paname\u00f1a. Sobre los actos de celebraci\u00f3n del centenario del Hospital Santo Tom\u00e1s, el ministro de Salud, Fernando Boyd Galindo, precis\u00f3 que esta instalaci\u00f3n m\u00e9dica [&hellip;]<\/p>\n","protected":false},"author":3,"featured_media":12749,"comment_status":"open","ping_status":"open","sticky":false,"template":"","format":"standard","meta":{"footnotes":""},"categories":[36],"tags":[],"class_list":["post-12748","post","type-post","status-publish","format-standard","has-post-thumbnail","hentry","category-nacionales"],"_links":{"self":[{"href":"https:\/\/alminutonoticia.com\/noticias\/wp-json\/wp\/v2\/posts\/12748","targetHints":{"allow":["GET"]}}],"collection":[{"href":"https:\/\/alminutonoticia.com\/noticias\/wp-json\/wp\/v2\/posts"}],"about":[{"href":"https:\/\/alminutonoticia.com\/noticias\/wp-json\/wp\/v2\/types\/post"}],"author":[{"embeddable":true,"href":"https:\/\/alminutonoticia.com\/noticias\/wp-json\/wp\/v2\/users\/3"}],"replies":[{"embeddable":true,"href":"https:\/\/alminutonoticia.com\/noticias\/wp-json\/wp\/v2\/comments?post=12748"}],"version-history":[{"count":1,"href":"https:\/\/alminutonoticia.com\/noticias\/wp-json\/wp\/v2\/posts\/12748\/revisions"}],"predecessor-version":[{"id":12750,"href":"https:\/\/alminutonoticia.com\/noticias\/wp-json\/wp\/v2\/posts\/12748\/revisions\/12750"}],"wp:featuredmedia":[{"embeddable":true,"href":"https:\/\/alminutonoticia.com\/noticias\/wp-json\/wp\/v2\/media\/12749"}],"wp:attachment":[{"href":"https:\/\/alminutonoticia.com\/noticias\/wp-json\/wp\/v2\/media?parent=12748"}],"wp:term":[{"taxonomy":"category","embeddable":true,"href":"https:\/\/alminutonoticia.com\/noticias\/wp-json\/wp\/v2\/categories?post=12748"},{"taxonomy":"post_tag","embeddable":true,"href":"https:\/\/alminutonoticia.com\/noticias\/wp-json\/wp\/v2\/tags?post=12748"}],"curies":[{"name":"wp","href":"https:\/\/api.w.org\/{rel}","templated":true}]}}