{"id":12745,"date":"2024-09-03T09:11:20","date_gmt":"2024-09-03T09:11:20","guid":{"rendered":"https:\/\/alminutonoticia.com\/noticias\/?p=12745"},"modified":"2024-09-03T09:11:21","modified_gmt":"2024-09-03T09:11:21","slug":"recolectan-aproximadamente-30-toneladas-de-desechos-en-limpieza-de-playa-de-costa-del-este","status":"publish","type":"post","link":"https:\/\/alminutonoticia.com\/noticias\/recolectan-aproximadamente-30-toneladas-de-desechos-en-limpieza-de-playa-de-costa-del-este\/","title":{"rendered":"Recolectan aproximadamente 30 toneladas de desechos en limpieza de playa de Costa del Este"},"content":{"rendered":"\n<p>La Alcald\u00eda de Panam\u00e1, en colaboraci\u00f3n con la Embajada de Estados Unidos y diversas organizaciones, lider\u00f3 una jornada de limpieza en la playa de Costa del Este, hoy 1 de septiembre.<\/p>\n\n\n\n<p>La actividad, que reuni\u00f3 a m\u00e1s de 700 voluntarios comprometidos con la protecci\u00f3n del medio ambiente, result\u00f3 en la recolecci\u00f3n de aproximadamente 30 toneladas de desechos.<\/p>\n\n\n\n<p>Este evento no solo marc\u00f3 el inicio de las celebraciones por el Mes de los Oc\u00e9anos, sino que tambi\u00e9n ayuda a concienciar sobre el impacto de los pl\u00e1sticos y otras actividades contaminantes en los oc\u00e9anos.<\/p>\n\n\n\n<p>Entre los actores clave que participaron en la limpieza se destacaron el Instituto Nacional de Formaci\u00f3n Profesional y Capacitaci\u00f3n para el Desarrollo Humano (INADEH), la Iglesia Adventista, Promar, el Sistema Nacional de Protecci\u00f3n Civil (SINAPROC), la Polic\u00eda Ecol\u00f3gica, la Universidad Nacional y la Universidad Tecnol\u00f3gica de Panam\u00e1, as\u00ed como fundaciones comprometidas como Salamandra. Todos ellos, junto a los voluntarios, mostraron un firme compromiso con la preservaci\u00f3n de los ecosistemas marinos.<\/p>\n\n\n\n<p>Yarelys G\u00f3mez, subdirectora de Resiliencia e Impacto Ambiental de la Alcald\u00eda de Panam\u00e1, expres\u00f3 su gratitud a la Embajada de Estados Unidos y a todos los participantes por su colaboraci\u00f3n en esta importante causa. \u00abEste es solo el comienzo de un mes lleno de actividades dedicadas a proteger nuestros oc\u00e9anos. La participaci\u00f3n activa de la comunidad y de nuestros aliados internacionales es esencial para lograr un cambio real\u00bb.<\/p>\n\n\n\n<figure class=\"wp-block-image size-full\"><a href=\"https:\/\/alminutonoticia.com\/noticias\/wp-content\/uploads\/2024\/09\/alcaldia-770x470-1.jpeg\"><img fetchpriority=\"high\" decoding=\"async\" width=\"770\" height=\"470\" src=\"https:\/\/alminutonoticia.com\/noticias\/wp-content\/uploads\/2024\/09\/alcaldia-770x470-1.jpeg\" alt=\"\" class=\"wp-image-12746\" title=\"\" srcset=\"https:\/\/alminutonoticia.com\/noticias\/wp-content\/uploads\/2024\/09\/alcaldia-770x470-1.jpeg 770w, https:\/\/alminutonoticia.com\/noticias\/wp-content\/uploads\/2024\/09\/alcaldia-770x470-1-300x183.jpeg 300w, https:\/\/alminutonoticia.com\/noticias\/wp-content\/uploads\/2024\/09\/alcaldia-770x470-1-768x469.jpeg 768w\" sizes=\"(max-width: 770px) 100vw, 770px\" \/><\/a><\/figure>\n","protected":false},"excerpt":{"rendered":"<p>La Alcald\u00eda de Panam\u00e1, en colaboraci\u00f3n con la Embajada de Estados Unidos y diversas organizaciones, lider\u00f3 una jornada de limpieza en la playa de Costa del Este, hoy 1 de septiembre. La actividad, que reuni\u00f3 a m\u00e1s de 700 voluntarios comprometidos con la protecci\u00f3n del medio ambiente, result\u00f3 en la recolecci\u00f3n de aproximadamente 30 toneladas [&hellip;]<\/p>\n","protected":false},"author":3,"featured_media":12746,"comment_status":"open","ping_status":"open","sticky":false,"template":"","format":"standard","meta":{"footnotes":""},"categories":[42,36],"tags":[],"class_list":["post-12745","post","type-post","status-publish","format-standard","has-post-thumbnail","hentry","category-ambiente","category-nacionales"],"_links":{"self":[{"href":"https:\/\/alminutonoticia.com\/noticias\/wp-json\/wp\/v2\/posts\/12745","targetHints":{"allow":["GET"]}}],"collection":[{"href":"https:\/\/alminutonoticia.com\/noticias\/wp-json\/wp\/v2\/posts"}],"about":[{"href":"https:\/\/alminutonoticia.com\/noticias\/wp-json\/wp\/v2\/types\/post"}],"author":[{"embeddable":true,"href":"https:\/\/alminutonoticia.com\/noticias\/wp-json\/wp\/v2\/users\/3"}],"replies":[{"embeddable":true,"href":"https:\/\/alminutonoticia.com\/noticias\/wp-json\/wp\/v2\/comments?post=12745"}],"version-history":[{"count":1,"href":"https:\/\/alminutonoticia.com\/noticias\/wp-json\/wp\/v2\/posts\/12745\/revisions"}],"predecessor-version":[{"id":12747,"href":"https:\/\/alminutonoticia.com\/noticias\/wp-json\/wp\/v2\/posts\/12745\/revisions\/12747"}],"wp:featuredmedia":[{"embeddable":true,"href":"https:\/\/alminutonoticia.com\/noticias\/wp-json\/wp\/v2\/media\/12746"}],"wp:attachment":[{"href":"https:\/\/alminutonoticia.com\/noticias\/wp-json\/wp\/v2\/media?parent=12745"}],"wp:term":[{"taxonomy":"category","embeddable":true,"href":"https:\/\/alminutonoticia.com\/noticias\/wp-json\/wp\/v2\/categories?post=12745"},{"taxonomy":"post_tag","embeddable":true,"href":"https:\/\/alminutonoticia.com\/noticias\/wp-json\/wp\/v2\/tags?post=12745"}],"curies":[{"name":"wp","href":"https:\/\/api.w.org\/{rel}","templated":true}]}}