{"id":12742,"date":"2024-09-03T09:09:45","date_gmt":"2024-09-03T09:09:45","guid":{"rendered":"https:\/\/alminutonoticia.com\/noticias\/?p=12742"},"modified":"2024-09-03T09:09:48","modified_gmt":"2024-09-03T09:09:48","slug":"ministro-de-la-presidencia-y-director-del-metro-recorren-el-teleferico-de-santo-domingo","status":"publish","type":"post","link":"https:\/\/alminutonoticia.com\/noticias\/ministro-de-la-presidencia-y-director-del-metro-recorren-el-teleferico-de-santo-domingo\/","title":{"rendered":"Ministro de la Presidencia y Director del Metro recorren el telef\u00e9rico de Santo Domingo"},"content":{"rendered":"\n<p>Con el objetivo de buscar experiencia y cooperaci\u00f3n t\u00e9cnica en telef\u00e9ricos con las autoridades de Rep\u00fablica Dominicana, el ministro de la Presidencia, Juan Carlos Orillac, en compa\u00f1\u00eda del director general del Metro de Panam\u00e1, S.A., ingeniero C\u00e9sar A. Pinz\u00f3n M., realizaron una visita oficial a dicho pa\u00eds para conocer de primera mano la operaci\u00f3n y beneficios del telef\u00e9rico de Santo Domingo.<\/p>\n\n\n\n<p>\u201cEl telef\u00e9rico de Santo Domingo, con 6 a\u00f1os de operaci\u00f3n en esta ciudad, ha demostrado que es posible lograr una eficiencia en la conectividad urbana y desarrollar una movilidad segura; principios que queremos aplicar en la ciudad de Panam\u00e1\u201d, expres\u00f3 el ingeniero Pinz\u00f3n.<\/p>\n\n\n\n<p>Para el Metro de Panam\u00e1, S.A. esta visita fue positiva, ya que busca obtener la cooperaci\u00f3n t\u00e9cnica prometida por el mandatario de Rep\u00fablica Dominicana, Luis Abinader, al presidente de la Rep\u00fablica de Panam\u00e1, Jos\u00e9 Ra\u00fal Mulino, para la construcci\u00f3n de un sistema similar en el distrito de San Miguelito. La iniciativa tiene como finalidad conectar con las L\u00edneas 1 y 2 del Metro, cubriendo as\u00ed un sector de la poblaci\u00f3n que hasta ahora no ha sido atendido debido a las dif\u00edciles condiciones topogr\u00e1ficas de la zona.<\/p>\n\n\n\n<p>El Metro de Panam\u00e1, S.A. public\u00f3 en Panam\u00e1 Compras la Solicitud de Informaci\u00f3n para dos temas: el Estudio de Impacto Ambiental Categor\u00eda II para el Proyecto \u201cEstudio, Dise\u00f1o,Construcci\u00f3n de Obras Civiles, Suministro e Instalaci\u00f3n del Sistema Telef\u00e9rico, SistemasAuxiliares, Puesta en Marcha y Financiamiento del Telef\u00e9rico de San Miguelito\u201d y los Estudios T\u00e9cnicos, Legales y Financieros que sustentar\u00e1n el pliego de la licitaci\u00f3n de la Concesi\u00f3n Administrativa para el Dise\u00f1o, Construcci\u00f3n, Operaci\u00f3n y Mantenimiento del Telef\u00e9rico de los distritos de Panam\u00e1 y San Miguelito, que beneficiar\u00e1 a m\u00e1s de 130 mil habitantes de la zona central de San Miguelito.<\/p>\n\n\n\n<figure class=\"wp-block-image size-full\"><a href=\"https:\/\/alminutonoticia.com\/noticias\/wp-content\/uploads\/2024\/09\/santo-domingo-770x470-1.jpeg\"><img fetchpriority=\"high\" decoding=\"async\" width=\"770\" height=\"470\" src=\"https:\/\/alminutonoticia.com\/noticias\/wp-content\/uploads\/2024\/09\/santo-domingo-770x470-1.jpeg\" alt=\"\" class=\"wp-image-12743\" title=\"\" srcset=\"https:\/\/alminutonoticia.com\/noticias\/wp-content\/uploads\/2024\/09\/santo-domingo-770x470-1.jpeg 770w, https:\/\/alminutonoticia.com\/noticias\/wp-content\/uploads\/2024\/09\/santo-domingo-770x470-1-300x183.jpeg 300w, https:\/\/alminutonoticia.com\/noticias\/wp-content\/uploads\/2024\/09\/santo-domingo-770x470-1-768x469.jpeg 768w\" sizes=\"(max-width: 770px) 100vw, 770px\" \/><\/a><\/figure>\n","protected":false},"excerpt":{"rendered":"<p>Con el objetivo de buscar experiencia y cooperaci\u00f3n t\u00e9cnica en telef\u00e9ricos con las autoridades de Rep\u00fablica Dominicana, el ministro de la Presidencia, Juan Carlos Orillac, en compa\u00f1\u00eda del director general del Metro de Panam\u00e1, S.A., ingeniero C\u00e9sar A. Pinz\u00f3n M., realizaron una visita oficial a dicho pa\u00eds para conocer de primera mano la operaci\u00f3n y [&hellip;]<\/p>\n","protected":false},"author":3,"featured_media":12743,"comment_status":"open","ping_status":"open","sticky":false,"template":"","format":"standard","meta":{"footnotes":""},"categories":[36],"tags":[],"class_list":["post-12742","post","type-post","status-publish","format-standard","has-post-thumbnail","hentry","category-nacionales"],"_links":{"self":[{"href":"https:\/\/alminutonoticia.com\/noticias\/wp-json\/wp\/v2\/posts\/12742","targetHints":{"allow":["GET"]}}],"collection":[{"href":"https:\/\/alminutonoticia.com\/noticias\/wp-json\/wp\/v2\/posts"}],"about":[{"href":"https:\/\/alminutonoticia.com\/noticias\/wp-json\/wp\/v2\/types\/post"}],"author":[{"embeddable":true,"href":"https:\/\/alminutonoticia.com\/noticias\/wp-json\/wp\/v2\/users\/3"}],"replies":[{"embeddable":true,"href":"https:\/\/alminutonoticia.com\/noticias\/wp-json\/wp\/v2\/comments?post=12742"}],"version-history":[{"count":1,"href":"https:\/\/alminutonoticia.com\/noticias\/wp-json\/wp\/v2\/posts\/12742\/revisions"}],"predecessor-version":[{"id":12744,"href":"https:\/\/alminutonoticia.com\/noticias\/wp-json\/wp\/v2\/posts\/12742\/revisions\/12744"}],"wp:featuredmedia":[{"embeddable":true,"href":"https:\/\/alminutonoticia.com\/noticias\/wp-json\/wp\/v2\/media\/12743"}],"wp:attachment":[{"href":"https:\/\/alminutonoticia.com\/noticias\/wp-json\/wp\/v2\/media?parent=12742"}],"wp:term":[{"taxonomy":"category","embeddable":true,"href":"https:\/\/alminutonoticia.com\/noticias\/wp-json\/wp\/v2\/categories?post=12742"},{"taxonomy":"post_tag","embeddable":true,"href":"https:\/\/alminutonoticia.com\/noticias\/wp-json\/wp\/v2\/tags?post=12742"}],"curies":[{"name":"wp","href":"https:\/\/api.w.org\/{rel}","templated":true}]}}