{"id":12739,"date":"2024-09-03T09:08:11","date_gmt":"2024-09-03T09:08:11","guid":{"rendered":"https:\/\/alminutonoticia.com\/noticias\/?p=12739"},"modified":"2024-09-03T09:08:13","modified_gmt":"2024-09-03T09:08:13","slug":"gran-caminata-marca-el-inicio-de-la-semana-de-la-salud-bucal","status":"publish","type":"post","link":"https:\/\/alminutonoticia.com\/noticias\/gran-caminata-marca-el-inicio-de-la-semana-de-la-salud-bucal\/","title":{"rendered":"Gran caminata marca el inicio de la Semana de la Salud Bucal"},"content":{"rendered":"\n<p>El Ministerio de Salud a trav\u00e9s del Departamento de Salud Bucal, marc\u00f3 el inicio a la campa\u00f1a de la Semana de la Salud Bucal, con la realizaci\u00f3n de una \u00abGran Caminata\u00bb en la Plaza Herrera del<br>Casco Antiguo hasta la Catedral, enfocada en promover el cuidado de dientes y enc\u00edas.<\/p>\n\n\n\n<p>En ese sentido, el ministro de la cartera, Fernando Boyd Galindo, durante la actividad, recalc\u00f3 la importancia de mantener una buena salud bucal que ayudar\u00e1 a que todo el organismo est\u00e9 sano.<\/p>\n\n\n\n<p>Recomend\u00f3 reducir el consumo de az\u00facar ya que activa el proceso de caries, comprometiendo a su vez la salud general del organismo con padecimientos como la diabetes, c\u00e1ncer, entre otras enfermedades.<\/p>\n\n\n\n<p>\u201cLos odont\u00f3logos est\u00e1n enfocados en proteger la salud oral con buenas pr\u00e1cticas de higiene como el cepillado que aumentar\u00e1 la probabilidad de conservar los dientes durante toda su vida, al mismo tiempo el riesgo de enfermedades prevenibles\u201d, indic\u00f3 Boyd Galindo.<\/p>\n\n\n\n<p>Explic\u00f3 que los padres de familia deben inculcar a los ni\u00f1os a no ingerir constantemente productos azucarados y, de esta forma podr\u00e1n tener un mejor control de su alimentaci\u00f3n asegurando buenos estilos saludables en el futuro.<\/p>\n\n\n\n<p><strong>Objetivos de la campa\u00f1a de salud bucal<\/strong><br>Este a\u00f1o la campa\u00f1a est\u00e1 apoyada por la Asociaci\u00f3n de Odontol\u00f3gica Paname\u00f1a, universidades, el Ministerio de Salud y Caja de Seguro Social a nivel nacional, resaltando la necesidad de mejorar la atenci\u00f3n dental. Se busca tambi\u00e9n promover la atenci\u00f3n preventiva, antes de que sea muy tarde, no s\u00f3lo con repercusiones est\u00e9ticas sino de enfermedades.<\/p>\n\n\n\n<p>\u201cUna boca feliz, es un cuerpo feliz\u201d, as\u00ed es denominada la Semana de la Salud Bucal en Panam\u00e1, que se celebrar\u00e1 del 2 al 6 de septiembre y busca hacer \u00e9nfasisa que el personal de salud contribuya en la prevenci\u00f3n de diversas enfermedades que surgen a partir de una mala higiene bucal.<\/p>\n\n\n\n<p>La Semana Nacional de Salud Bucal es una estrategia para intensificar las acciones de prevenci\u00f3n, promoci\u00f3n y atenci\u00f3n curativas.<\/p>\n\n\n\n<p>En las diversas regiones de salud se organizan, volanteos, charlas, material audiovisual en las salas de espera dirigido a ni\u00f1os, adolescentes, embarazadas, adultos mayores, manipuladores de alimentos y poblaci\u00f3n en general.<\/p>\n\n\n\n<figure class=\"wp-block-image size-full\"><a href=\"https:\/\/alminutonoticia.com\/noticias\/wp-content\/uploads\/2024\/09\/vcaminata-770x470-1.jpeg\"><img fetchpriority=\"high\" decoding=\"async\" width=\"770\" height=\"470\" src=\"https:\/\/alminutonoticia.com\/noticias\/wp-content\/uploads\/2024\/09\/vcaminata-770x470-1.jpeg\" alt=\"\" class=\"wp-image-12740\" title=\"\" srcset=\"https:\/\/alminutonoticia.com\/noticias\/wp-content\/uploads\/2024\/09\/vcaminata-770x470-1.jpeg 770w, https:\/\/alminutonoticia.com\/noticias\/wp-content\/uploads\/2024\/09\/vcaminata-770x470-1-300x183.jpeg 300w, https:\/\/alminutonoticia.com\/noticias\/wp-content\/uploads\/2024\/09\/vcaminata-770x470-1-768x469.jpeg 768w\" sizes=\"(max-width: 770px) 100vw, 770px\" \/><\/a><\/figure>\n","protected":false},"excerpt":{"rendered":"<p>El Ministerio de Salud a trav\u00e9s del Departamento de Salud Bucal, marc\u00f3 el inicio a la campa\u00f1a de la Semana de la Salud Bucal, con la realizaci\u00f3n de una \u00abGran Caminata\u00bb en la Plaza Herrera delCasco Antiguo hasta la Catedral, enfocada en promover el cuidado de dientes y enc\u00edas. En ese sentido, el ministro de [&hellip;]<\/p>\n","protected":false},"author":3,"featured_media":12740,"comment_status":"open","ping_status":"open","sticky":false,"template":"","format":"standard","meta":{"footnotes":""},"categories":[36,45],"tags":[],"class_list":["post-12739","post","type-post","status-publish","format-standard","has-post-thumbnail","hentry","category-nacionales","category-salud"],"_links":{"self":[{"href":"https:\/\/alminutonoticia.com\/noticias\/wp-json\/wp\/v2\/posts\/12739","targetHints":{"allow":["GET"]}}],"collection":[{"href":"https:\/\/alminutonoticia.com\/noticias\/wp-json\/wp\/v2\/posts"}],"about":[{"href":"https:\/\/alminutonoticia.com\/noticias\/wp-json\/wp\/v2\/types\/post"}],"author":[{"embeddable":true,"href":"https:\/\/alminutonoticia.com\/noticias\/wp-json\/wp\/v2\/users\/3"}],"replies":[{"embeddable":true,"href":"https:\/\/alminutonoticia.com\/noticias\/wp-json\/wp\/v2\/comments?post=12739"}],"version-history":[{"count":1,"href":"https:\/\/alminutonoticia.com\/noticias\/wp-json\/wp\/v2\/posts\/12739\/revisions"}],"predecessor-version":[{"id":12741,"href":"https:\/\/alminutonoticia.com\/noticias\/wp-json\/wp\/v2\/posts\/12739\/revisions\/12741"}],"wp:featuredmedia":[{"embeddable":true,"href":"https:\/\/alminutonoticia.com\/noticias\/wp-json\/wp\/v2\/media\/12740"}],"wp:attachment":[{"href":"https:\/\/alminutonoticia.com\/noticias\/wp-json\/wp\/v2\/media?parent=12739"}],"wp:term":[{"taxonomy":"category","embeddable":true,"href":"https:\/\/alminutonoticia.com\/noticias\/wp-json\/wp\/v2\/categories?post=12739"},{"taxonomy":"post_tag","embeddable":true,"href":"https:\/\/alminutonoticia.com\/noticias\/wp-json\/wp\/v2\/tags?post=12739"}],"curies":[{"name":"wp","href":"https:\/\/api.w.org\/{rel}","templated":true}]}}