{"id":12730,"date":"2024-09-03T09:03:34","date_gmt":"2024-09-03T09:03:34","guid":{"rendered":"https:\/\/alminutonoticia.com\/noticias\/?p=12730"},"modified":"2024-09-03T09:03:36","modified_gmt":"2024-09-03T09:03:36","slug":"verguenza-aguas-negras-en-boquete-son-vertidas-en-el-rio-caldera","status":"publish","type":"post","link":"https:\/\/alminutonoticia.com\/noticias\/verguenza-aguas-negras-en-boquete-son-vertidas-en-el-rio-caldera\/","title":{"rendered":"\u00a1Verg\u00fcenza! Aguas negras en Boquete son vertidas en el r\u00edo Caldera"},"content":{"rendered":"\n<p>Proteger los recursos naturales es un factor clave para el desarrollo sostenible del turismo en el distrito de Boquete, provincia de Chiriqu\u00ed, manifest\u00f3 el ministro de Ambiente, Juan Carlos Navarro.<\/p>\n\n\n\n<p>Navarro hizo un llamado a los empresarios chiricanos a impulsar el desarrollo econ\u00f3mico y tur\u00edstico de forma sostenible, enfatizando que es necesario tomar el ambiente en serio y que todos cumplan con la normativa ambiental.<\/p>\n\n\n\n<p>\u00abBoquete es una marca buena y positiva, que proyecta a Panam\u00e1 por todo lo bueno que tenemos, pero es una verg\u00fcenza que todas las aguas negras de la zona sean vertidas en el r\u00edo Caldera\u00bb, remarc\u00f3 Navarro.<\/p>\n\n\n\n<p>Con relaci\u00f3n a esta situaci\u00f3n, el ministro Navarro se\u00f1al\u00f3 que, \u00abes necesario y urgente que la planta de tratamiento de aguas de Boquete opere al 100% lo antes posible, del mismo modo, el relleno sanitario, que actualmente es un vertedero, debe empezar a funcionar adecuadamente. Para ello, tenemos que apoyar a las autoridades municipales y, al mismo tiempo, exigirles que empiecen a tomar el ambiente en serio y que todos hagamos las cosas bien\u00bb.<\/p>\n\n\n\n<p>El ministro tambi\u00e9n mencion\u00f3 que el Ministerio de Ambiente est\u00e1 a favor del desarrollo econ\u00f3mico sostenible, por ello, la entidad anunci\u00f3 recientemente que, en ese momento, en menos de 90 d\u00edas, todos los Estudios de Impacto Ambiental (EsIA) estar\u00e1n actualizados, lo que permitir\u00e1 que las inversiones que cumplan con la normativa se realicen, y las que no, se rechacen de forma transparente y sin demoras.<\/p>\n\n\n\n<p>Navarro concluy\u00f3 manifestando que, por instrucciones del presidente de la Rep\u00fablica, Jos\u00e9 Ra\u00fal Mulino, se apoyar\u00e1 de forma responsable y transparente, la inversi\u00f3n y el desarrollo econ\u00f3mico en la provincia de Chiriqu\u00ed y en el resto del pa\u00eds, pero siempre con miras a respetar la ley ambiental, para proteger y salvaguardar los recursos naturales.<\/p>\n\n\n\n<figure class=\"wp-block-image size-full\"><a href=\"https:\/\/alminutonoticia.com\/noticias\/wp-content\/uploads\/2024\/09\/boquetin-770x470-1.jpeg\"><img fetchpriority=\"high\" decoding=\"async\" width=\"770\" height=\"470\" src=\"https:\/\/alminutonoticia.com\/noticias\/wp-content\/uploads\/2024\/09\/boquetin-770x470-1.jpeg\" alt=\"\" class=\"wp-image-12731\" title=\"\" srcset=\"https:\/\/alminutonoticia.com\/noticias\/wp-content\/uploads\/2024\/09\/boquetin-770x470-1.jpeg 770w, https:\/\/alminutonoticia.com\/noticias\/wp-content\/uploads\/2024\/09\/boquetin-770x470-1-300x183.jpeg 300w, https:\/\/alminutonoticia.com\/noticias\/wp-content\/uploads\/2024\/09\/boquetin-770x470-1-768x469.jpeg 768w\" sizes=\"(max-width: 770px) 100vw, 770px\" \/><\/a><\/figure>\n","protected":false},"excerpt":{"rendered":"<p>Proteger los recursos naturales es un factor clave para el desarrollo sostenible del turismo en el distrito de Boquete, provincia de Chiriqu\u00ed, manifest\u00f3 el ministro de Ambiente, Juan Carlos Navarro. Navarro hizo un llamado a los empresarios chiricanos a impulsar el desarrollo econ\u00f3mico y tur\u00edstico de forma sostenible, enfatizando que es necesario tomar el ambiente [&hellip;]<\/p>\n","protected":false},"author":3,"featured_media":12731,"comment_status":"open","ping_status":"open","sticky":false,"template":"","format":"standard","meta":{"footnotes":""},"categories":[36,42],"tags":[],"class_list":["post-12730","post","type-post","status-publish","format-standard","has-post-thumbnail","hentry","category-nacionales","category-ambiente"],"_links":{"self":[{"href":"https:\/\/alminutonoticia.com\/noticias\/wp-json\/wp\/v2\/posts\/12730","targetHints":{"allow":["GET"]}}],"collection":[{"href":"https:\/\/alminutonoticia.com\/noticias\/wp-json\/wp\/v2\/posts"}],"about":[{"href":"https:\/\/alminutonoticia.com\/noticias\/wp-json\/wp\/v2\/types\/post"}],"author":[{"embeddable":true,"href":"https:\/\/alminutonoticia.com\/noticias\/wp-json\/wp\/v2\/users\/3"}],"replies":[{"embeddable":true,"href":"https:\/\/alminutonoticia.com\/noticias\/wp-json\/wp\/v2\/comments?post=12730"}],"version-history":[{"count":1,"href":"https:\/\/alminutonoticia.com\/noticias\/wp-json\/wp\/v2\/posts\/12730\/revisions"}],"predecessor-version":[{"id":12732,"href":"https:\/\/alminutonoticia.com\/noticias\/wp-json\/wp\/v2\/posts\/12730\/revisions\/12732"}],"wp:featuredmedia":[{"embeddable":true,"href":"https:\/\/alminutonoticia.com\/noticias\/wp-json\/wp\/v2\/media\/12731"}],"wp:attachment":[{"href":"https:\/\/alminutonoticia.com\/noticias\/wp-json\/wp\/v2\/media?parent=12730"}],"wp:term":[{"taxonomy":"category","embeddable":true,"href":"https:\/\/alminutonoticia.com\/noticias\/wp-json\/wp\/v2\/categories?post=12730"},{"taxonomy":"post_tag","embeddable":true,"href":"https:\/\/alminutonoticia.com\/noticias\/wp-json\/wp\/v2\/tags?post=12730"}],"curies":[{"name":"wp","href":"https:\/\/api.w.org\/{rel}","templated":true}]}}