{"id":12720,"date":"2024-08-30T10:02:46","date_gmt":"2024-08-30T10:02:46","guid":{"rendered":"https:\/\/alminutonoticia.com\/noticias\/?p=12720"},"modified":"2024-08-30T10:02:48","modified_gmt":"2024-08-30T10:02:48","slug":"mulino-comparte-con-empresarios-sus-planes-para-el-desarrollo-de-chiriqui-y-bocas-del-toro","status":"publish","type":"post","link":"https:\/\/alminutonoticia.com\/noticias\/mulino-comparte-con-empresarios-sus-planes-para-el-desarrollo-de-chiriqui-y-bocas-del-toro\/","title":{"rendered":"Mulino comparte con empresarios sus planes para el desarrollo de Chiriqu\u00ed y Bocas del Toro"},"content":{"rendered":"\n<p>El presidente de la Rep\u00fablica, Jos\u00e9 Ra\u00fal Mulino, comparti\u00f3 su visi\u00f3n de desarrollo econ\u00f3mico para Chiriqu\u00ed y Bocas del Toro con l\u00edderes empresariales aglutinados en el Centro de Competitividad de la Regi\u00f3n Occidental de Panam\u00e1 (CECOM).<\/p>\n\n\n\n<p>El objetivo del encuentro \u2013 desarrollado en la Hacienda Don Ricardo, en Bugaba- fue lograr alianzas estrat\u00e9gicas entre el Gobierno Nacional y la empresa privada para impulsar proyectos que lleven progreso a estas dos provincias.<\/p>\n\n\n\n<p>Esta fue la primera parada en una gira de dos d\u00edas que el presidente Mulino y parte de su gabinete, realizan en Chiriqu\u00ed.<\/p>\n\n\n\n<figure class=\"wp-block-image size-large\"><a href=\"https:\/\/alminutonoticia.com\/noticias\/wp-content\/uploads\/2024\/08\/WhatsApp-Image-2024-08-29-at-7.19.01-PM.jpeg\"><img fetchpriority=\"high\" decoding=\"async\" width=\"1024\" height=\"682\" src=\"https:\/\/alminutonoticia.com\/noticias\/wp-content\/uploads\/2024\/08\/WhatsApp-Image-2024-08-29-at-7.19.01-PM-1024x682.jpeg\" alt=\"\" class=\"wp-image-12721\" title=\"\" srcset=\"https:\/\/alminutonoticia.com\/noticias\/wp-content\/uploads\/2024\/08\/WhatsApp-Image-2024-08-29-at-7.19.01-PM-1024x682.jpeg 1024w, https:\/\/alminutonoticia.com\/noticias\/wp-content\/uploads\/2024\/08\/WhatsApp-Image-2024-08-29-at-7.19.01-PM-300x200.jpeg 300w, https:\/\/alminutonoticia.com\/noticias\/wp-content\/uploads\/2024\/08\/WhatsApp-Image-2024-08-29-at-7.19.01-PM-768x512.jpeg 768w, https:\/\/alminutonoticia.com\/noticias\/wp-content\/uploads\/2024\/08\/WhatsApp-Image-2024-08-29-at-7.19.01-PM-1536x1023.jpeg 1536w, https:\/\/alminutonoticia.com\/noticias\/wp-content\/uploads\/2024\/08\/WhatsApp-Image-2024-08-29-at-7.19.01-PM.jpeg 1600w\" sizes=\"(max-width: 1024px) 100vw, 1024px\" \/><\/a><\/figure>\n\n\n\n<p>En el conversatorio, el secretario Nacional del Ferrocarril, Henry Faarup, dio detalles sobre las rutas que se eval\u00faan para el Tren David-Panam\u00e1, la obra de infraestructura m\u00e1s importante de la administraci\u00f3n Mulino.<\/p>\n\n\n\n<p>\u00abPor donde pasa un tren, siempre hay progreso\u00bb, sostuvo el presidente Mulino. \u00abSomos un pa\u00eds log\u00edstico, y en eso ya somos grandes. Pero lo tenemos que desarrollar\u00bb.<\/p>\n\n\n\n<p>El mandatario tambi\u00e9n enfatiz\u00f3 en que, para su gobierno, el sector privado ser\u00e1 clave en la recuperaci\u00f3n econ\u00f3mica del pa\u00eds.<\/p>\n\n\n\n<p>Los miembros de CECOM entregaron al presidente Mulino ya sus ministros un plan de desarrollo de la regi\u00f3n occidental de Panam\u00e1, con visi\u00f3n hasta el a\u00f1o 2050.<\/p>\n\n\n\n<div class=\"wp-block-columns is-layout-flex wp-container-core-columns-is-layout-28f84493 wp-block-columns-is-layout-flex\">\n<div class=\"wp-block-column is-layout-flow wp-block-column-is-layout-flow\">\n<figure class=\"wp-block-image size-full\"><a href=\"https:\/\/alminutonoticia.com\/noticias\/wp-content\/uploads\/2024\/08\/WhatsApp-Image-2024-08-29-at-6.25.16-PM-1-1024x682-1.jpeg\"><img decoding=\"async\" width=\"1024\" height=\"682\" src=\"https:\/\/alminutonoticia.com\/noticias\/wp-content\/uploads\/2024\/08\/WhatsApp-Image-2024-08-29-at-6.25.16-PM-1-1024x682-1.jpeg\" alt=\"\" class=\"wp-image-12722\" title=\"\" srcset=\"https:\/\/alminutonoticia.com\/noticias\/wp-content\/uploads\/2024\/08\/WhatsApp-Image-2024-08-29-at-6.25.16-PM-1-1024x682-1.jpeg 1024w, https:\/\/alminutonoticia.com\/noticias\/wp-content\/uploads\/2024\/08\/WhatsApp-Image-2024-08-29-at-6.25.16-PM-1-1024x682-1-300x200.jpeg 300w, https:\/\/alminutonoticia.com\/noticias\/wp-content\/uploads\/2024\/08\/WhatsApp-Image-2024-08-29-at-6.25.16-PM-1-1024x682-1-768x512.jpeg 768w\" sizes=\"(max-width: 1024px) 100vw, 1024px\" \/><\/a><\/figure>\n<\/div>\n\n\n\n<div class=\"wp-block-column is-layout-flow wp-block-column-is-layout-flow\">\n<figure class=\"wp-block-image size-full\"><a href=\"https:\/\/alminutonoticia.com\/noticias\/wp-content\/uploads\/2024\/08\/WhatsApp-Image-2024-08-29-at-5.35.19-PM-1024x682-1.jpeg\"><img decoding=\"async\" width=\"1024\" height=\"682\" src=\"https:\/\/alminutonoticia.com\/noticias\/wp-content\/uploads\/2024\/08\/WhatsApp-Image-2024-08-29-at-5.35.19-PM-1024x682-1.jpeg\" alt=\"\" class=\"wp-image-12723\" title=\"\" srcset=\"https:\/\/alminutonoticia.com\/noticias\/wp-content\/uploads\/2024\/08\/WhatsApp-Image-2024-08-29-at-5.35.19-PM-1024x682-1.jpeg 1024w, https:\/\/alminutonoticia.com\/noticias\/wp-content\/uploads\/2024\/08\/WhatsApp-Image-2024-08-29-at-5.35.19-PM-1024x682-1-300x200.jpeg 300w, https:\/\/alminutonoticia.com\/noticias\/wp-content\/uploads\/2024\/08\/WhatsApp-Image-2024-08-29-at-5.35.19-PM-1024x682-1-768x512.jpeg 768w\" sizes=\"(max-width: 1024px) 100vw, 1024px\" \/><\/a><\/figure>\n<\/div>\n<\/div>\n\n\n\n<p>Participaron en el encuentro inversionistas locales y extranjeros, presidentes de gremios y asociaciones, miembros de la Fundaci\u00f3n Pro Chiriqu\u00ed, APEDE, miembros de la C\u00e1mara de Comercio de Chiriqu\u00ed y de Bocas del Toro, as\u00ed como autoridades tradicionales de la comarca Ng\u00e4be-Bugl\u00e9.<\/p>\n\n\n\n<p>Acompa\u00f1aron al presidente de la Rep\u00fablica, la primera dama, Maricel de Mulino; Fernando Boyd, ministro de Salud; Julio Molt\u00f3, ministro de Comercio; Roberto Linares, ministro de Desarrollo Agropecuario; Juan Carlos Navarro, ministro de Ambiente; Fausto Fern\u00e1ndez, viceministro de Finanzas del MEF; Henry Faarup, secretario nacional del Ferrocarril; Mercedes Gonz\u00e1lez, secretaria de Asuntos P\u00fablicos de la Presidencia; y la gobernadora de Chiriqu\u00ed, Aixa Santamar\u00eda.<\/p>\n\n\n\n<figure class=\"wp-block-image size-large\"><a href=\"https:\/\/alminutonoticia.com\/noticias\/wp-content\/uploads\/2024\/08\/WhatsApp-Image-2024-08-29-at-7.18.30-PM.jpeg\"><img loading=\"lazy\" decoding=\"async\" width=\"1024\" height=\"682\" src=\"https:\/\/alminutonoticia.com\/noticias\/wp-content\/uploads\/2024\/08\/WhatsApp-Image-2024-08-29-at-7.18.30-PM-1024x682.jpeg\" alt=\"\" class=\"wp-image-12724\" title=\"\" srcset=\"https:\/\/alminutonoticia.com\/noticias\/wp-content\/uploads\/2024\/08\/WhatsApp-Image-2024-08-29-at-7.18.30-PM-1024x682.jpeg 1024w, https:\/\/alminutonoticia.com\/noticias\/wp-content\/uploads\/2024\/08\/WhatsApp-Image-2024-08-29-at-7.18.30-PM-300x200.jpeg 300w, https:\/\/alminutonoticia.com\/noticias\/wp-content\/uploads\/2024\/08\/WhatsApp-Image-2024-08-29-at-7.18.30-PM-768x512.jpeg 768w, https:\/\/alminutonoticia.com\/noticias\/wp-content\/uploads\/2024\/08\/WhatsApp-Image-2024-08-29-at-7.18.30-PM-1536x1023.jpeg 1536w, https:\/\/alminutonoticia.com\/noticias\/wp-content\/uploads\/2024\/08\/WhatsApp-Image-2024-08-29-at-7.18.30-PM.jpeg 1600w\" sizes=\"(max-width: 1024px) 100vw, 1024px\" \/><\/a><\/figure>\n","protected":false},"excerpt":{"rendered":"<p>El presidente de la Rep\u00fablica, Jos\u00e9 Ra\u00fal Mulino, comparti\u00f3 su visi\u00f3n de desarrollo econ\u00f3mico para Chiriqu\u00ed y Bocas del Toro con l\u00edderes empresariales aglutinados en el Centro de Competitividad de la Regi\u00f3n Occidental de Panam\u00e1 (CECOM). El objetivo del encuentro \u2013 desarrollado en la Hacienda Don Ricardo, en Bugaba- fue lograr alianzas estrat\u00e9gicas entre el [&hellip;]<\/p>\n","protected":false},"author":3,"featured_media":12724,"comment_status":"open","ping_status":"open","sticky":false,"template":"","format":"standard","meta":{"footnotes":""},"categories":[36],"tags":[],"class_list":["post-12720","post","type-post","status-publish","format-standard","has-post-thumbnail","hentry","category-nacionales"],"_links":{"self":[{"href":"https:\/\/alminutonoticia.com\/noticias\/wp-json\/wp\/v2\/posts\/12720","targetHints":{"allow":["GET"]}}],"collection":[{"href":"https:\/\/alminutonoticia.com\/noticias\/wp-json\/wp\/v2\/posts"}],"about":[{"href":"https:\/\/alminutonoticia.com\/noticias\/wp-json\/wp\/v2\/types\/post"}],"author":[{"embeddable":true,"href":"https:\/\/alminutonoticia.com\/noticias\/wp-json\/wp\/v2\/users\/3"}],"replies":[{"embeddable":true,"href":"https:\/\/alminutonoticia.com\/noticias\/wp-json\/wp\/v2\/comments?post=12720"}],"version-history":[{"count":1,"href":"https:\/\/alminutonoticia.com\/noticias\/wp-json\/wp\/v2\/posts\/12720\/revisions"}],"predecessor-version":[{"id":12725,"href":"https:\/\/alminutonoticia.com\/noticias\/wp-json\/wp\/v2\/posts\/12720\/revisions\/12725"}],"wp:featuredmedia":[{"embeddable":true,"href":"https:\/\/alminutonoticia.com\/noticias\/wp-json\/wp\/v2\/media\/12724"}],"wp:attachment":[{"href":"https:\/\/alminutonoticia.com\/noticias\/wp-json\/wp\/v2\/media?parent=12720"}],"wp:term":[{"taxonomy":"category","embeddable":true,"href":"https:\/\/alminutonoticia.com\/noticias\/wp-json\/wp\/v2\/categories?post=12720"},{"taxonomy":"post_tag","embeddable":true,"href":"https:\/\/alminutonoticia.com\/noticias\/wp-json\/wp\/v2\/tags?post=12720"}],"curies":[{"name":"wp","href":"https:\/\/api.w.org\/{rel}","templated":true}]}}