{"id":12712,"date":"2024-08-30T09:56:05","date_gmt":"2024-08-30T09:56:05","guid":{"rendered":"https:\/\/alminutonoticia.com\/noticias\/?p=12712"},"modified":"2024-08-30T09:56:07","modified_gmt":"2024-08-30T09:56:07","slug":"aprueban-partida-al-miviot-para-reforzar-personal-tecnico-y-constructivo","status":"publish","type":"post","link":"https:\/\/alminutonoticia.com\/noticias\/aprueban-partida-al-miviot-para-reforzar-personal-tecnico-y-constructivo\/","title":{"rendered":"Aprueban partida al Miviot para reforzar personal t\u00e9cnico y constructivo"},"content":{"rendered":"\n<p>Con 14 votos a favor, cero en contra y cero abstenciones, la Comisi\u00f3n de Presupuesto de la Asamblea Nacional aprob\u00f3 un traslado de partida por la suma 2 millones 748 mil 826 balboas, para el Ministerio de Vivienda y Ordenamiento Territorial (Miviot), con la intenci\u00f3n de reforzar la estructura del personal transitorio en esta entidad.<\/p>\n\n\n\n<p>El titular de la cartera de Vivienda, Jaime A. Jovan\u00e9 C., junto al viceministro Fernando M\u00e9ndez, y su equipo de Presupuesto, durante la sustentaci\u00f3n del traslado No 1400007817, indic\u00f3 que luego de realizar una evaluaci\u00f3n responsable y exhaustiva a nivel nacional, se detect\u00f3 la necesidad de disponer de posiciones, con el personal m\u00ednimo requerido, para garantizar la eficiencia de este Ministerio.<\/p>\n\n\n\n<p>Se\u00f1al\u00f3 que se trata de 559 puestos de trabajo que ser\u00e1n requeridos a partir del 1 de septiembre de 2024, dentro de los cuales incluye alba\u00f1iles, soldadores, administradores, carpinteros, arquitectos e ingenieros, para poder continuar con los proyectos y que puedan ser entregados a las familias.<\/p>\n\n\n\n<figure class=\"wp-block-image size-full\"><a href=\"https:\/\/alminutonoticia.com\/noticias\/wp-content\/uploads\/2024\/08\/IMG-20240829-WA0014-1024x684-1.jpg\"><img fetchpriority=\"high\" decoding=\"async\" width=\"1024\" height=\"684\" src=\"https:\/\/alminutonoticia.com\/noticias\/wp-content\/uploads\/2024\/08\/IMG-20240829-WA0014-1024x684-1.jpg\" alt=\"\" class=\"wp-image-12713\" title=\"\" srcset=\"https:\/\/alminutonoticia.com\/noticias\/wp-content\/uploads\/2024\/08\/IMG-20240829-WA0014-1024x684-1.jpg 1024w, https:\/\/alminutonoticia.com\/noticias\/wp-content\/uploads\/2024\/08\/IMG-20240829-WA0014-1024x684-1-300x200.jpg 300w, https:\/\/alminutonoticia.com\/noticias\/wp-content\/uploads\/2024\/08\/IMG-20240829-WA0014-1024x684-1-768x513.jpg 768w\" sizes=\"(max-width: 1024px) 100vw, 1024px\" \/><\/a><\/figure>\n\n\n\n<p>Expres\u00f3 que actualmente no se contaba con los recursos financieros para este fin, por lo que hizo necesario solicitar este traslado de partida al organo legislativo.<\/p>\n\n\n\n<p>El ministro Jovan\u00e9, luego de aprobada la transferencia de fondos, agradeci\u00f3 a los diputados el voto de confianza, ya que la actual administraci\u00f3n del presidente Jos\u00e9 Ra\u00fal Mulino, est\u00e1 comprometida en rescatar los proyectos habitacionales que, por diferentes razones, se han detenido e incluso algunos se encuentran en deterioro.<\/p>\n\n\n\n<p>Destac\u00f3 que este proceso se ha iniciado con las subsanaciones correspondientes en varios de ellos, porque lo que se quiere es rescatar uno a uno y que el beneficio llegue a la poblaci\u00f3n.<\/p>\n\n\n\n<figure class=\"wp-block-image size-full\"><a href=\"https:\/\/alminutonoticia.com\/noticias\/wp-content\/uploads\/2024\/08\/IMG-20240829-WA0010-1024x684-1.jpg\"><img decoding=\"async\" width=\"1024\" height=\"684\" src=\"https:\/\/alminutonoticia.com\/noticias\/wp-content\/uploads\/2024\/08\/IMG-20240829-WA0010-1024x684-1.jpg\" alt=\"\" class=\"wp-image-12714\" title=\"\" srcset=\"https:\/\/alminutonoticia.com\/noticias\/wp-content\/uploads\/2024\/08\/IMG-20240829-WA0010-1024x684-1.jpg 1024w, https:\/\/alminutonoticia.com\/noticias\/wp-content\/uploads\/2024\/08\/IMG-20240829-WA0010-1024x684-1-300x200.jpg 300w, https:\/\/alminutonoticia.com\/noticias\/wp-content\/uploads\/2024\/08\/IMG-20240829-WA0010-1024x684-1-768x513.jpg 768w\" sizes=\"(max-width: 1024px) 100vw, 1024px\" \/><\/a><\/figure>\n","protected":false},"excerpt":{"rendered":"<p>Con 14 votos a favor, cero en contra y cero abstenciones, la Comisi\u00f3n de Presupuesto de la Asamblea Nacional aprob\u00f3 un traslado de partida por la suma 2 millones 748 mil 826 balboas, para el Ministerio de Vivienda y Ordenamiento Territorial (Miviot), con la intenci\u00f3n de reforzar la estructura del personal transitorio en esta entidad. [&hellip;]<\/p>\n","protected":false},"author":3,"featured_media":12714,"comment_status":"open","ping_status":"open","sticky":false,"template":"","format":"standard","meta":{"footnotes":""},"categories":[36,38],"tags":[],"class_list":["post-12712","post","type-post","status-publish","format-standard","has-post-thumbnail","hentry","category-nacionales","category-economia"],"_links":{"self":[{"href":"https:\/\/alminutonoticia.com\/noticias\/wp-json\/wp\/v2\/posts\/12712","targetHints":{"allow":["GET"]}}],"collection":[{"href":"https:\/\/alminutonoticia.com\/noticias\/wp-json\/wp\/v2\/posts"}],"about":[{"href":"https:\/\/alminutonoticia.com\/noticias\/wp-json\/wp\/v2\/types\/post"}],"author":[{"embeddable":true,"href":"https:\/\/alminutonoticia.com\/noticias\/wp-json\/wp\/v2\/users\/3"}],"replies":[{"embeddable":true,"href":"https:\/\/alminutonoticia.com\/noticias\/wp-json\/wp\/v2\/comments?post=12712"}],"version-history":[{"count":1,"href":"https:\/\/alminutonoticia.com\/noticias\/wp-json\/wp\/v2\/posts\/12712\/revisions"}],"predecessor-version":[{"id":12715,"href":"https:\/\/alminutonoticia.com\/noticias\/wp-json\/wp\/v2\/posts\/12712\/revisions\/12715"}],"wp:featuredmedia":[{"embeddable":true,"href":"https:\/\/alminutonoticia.com\/noticias\/wp-json\/wp\/v2\/media\/12714"}],"wp:attachment":[{"href":"https:\/\/alminutonoticia.com\/noticias\/wp-json\/wp\/v2\/media?parent=12712"}],"wp:term":[{"taxonomy":"category","embeddable":true,"href":"https:\/\/alminutonoticia.com\/noticias\/wp-json\/wp\/v2\/categories?post=12712"},{"taxonomy":"post_tag","embeddable":true,"href":"https:\/\/alminutonoticia.com\/noticias\/wp-json\/wp\/v2\/tags?post=12712"}],"curies":[{"name":"wp","href":"https:\/\/api.w.org\/{rel}","templated":true}]}}