{"id":12708,"date":"2024-08-30T09:54:02","date_gmt":"2024-08-30T09:54:02","guid":{"rendered":"https:\/\/alminutonoticia.com\/noticias\/?p=12708"},"modified":"2024-08-30T09:54:05","modified_gmt":"2024-08-30T09:54:05","slug":"aeropuerto-internacional-de-tocumen-registra-un-incremento-en-sus-operaciones-de-un-11","status":"publish","type":"post","link":"https:\/\/alminutonoticia.com\/noticias\/aeropuerto-internacional-de-tocumen-registra-un-incremento-en-sus-operaciones-de-un-11\/","title":{"rendered":"Aeropuerto Internacional de Tocumen registra un incremento en sus operaciones de un 11%"},"content":{"rendered":"\n<ul class=\"wp-block-list\">\n<li>Seg\u00fan el m\u00e1s reciente informe de la Asociaci\u00f3n Internacional de Transporte A\u00e9reo (IATA), la demanda global en toneladas de carga por kil\u00f3metro transportadas (CTK*, por sus siglas en ingl\u00e9s) increment\u00f3 en un 13% interanual, en julio de 2024.<\/li>\n\n\n\n<li>El sector volvi\u00f3 a crecer a doble d\u00edgito por octavo mes consecutivo, con niveles que no se ve\u00edan desde los m\u00e1ximos de 2021.<\/li>\n<\/ul>\n\n\n\n<p>Por: Redacci\u00f3n \u2013 Panorama Econ\u00f3mico<\/p>\n\n\n\n<p>Panam\u00e1. \u2013 De acuerdo con cifras oficiales, el Aeropuerto Internacional de Tocumen, durante los siete primeros meses del 2024; registra una notable progresi\u00f3n en las operaciones.<\/p>\n\n\n\n<p>Seg\u00fan informes estad\u00edsticas del Aeropuerto de Tocumen, para los meses de enero a julio de 2024, se reportan un total de 88,404 maniobras a\u00e9reas, lo que representa unas 6,796 m\u00e1s, en contraste con el mismo periodo del a\u00f1o anterior.<\/p>\n\n\n\n<p>Los n\u00fameros muestran que el movimiento de aeronaves para el mes de julio cerr\u00f3 con 13,450; una variaci\u00f3n adicional de 1,297; lo que supone un incremento del 11%, en comparaci\u00f3n a julio del 2023.<\/p>\n\n\n\n<p>Indicadores revelan que las operaciones con mayor demanda son arribos y salidas de vuelos comerciales, con un 88%.<\/p>\n\n\n\n<figure class=\"wp-block-image size-full\"><a href=\"https:\/\/alminutonoticia.com\/noticias\/wp-content\/uploads\/2024\/08\/WhatsApp-Image-2024-08-29-at-1.12.17-PM-1-1024x682-1.jpeg\"><img fetchpriority=\"high\" decoding=\"async\" width=\"1024\" height=\"682\" src=\"https:\/\/alminutonoticia.com\/noticias\/wp-content\/uploads\/2024\/08\/WhatsApp-Image-2024-08-29-at-1.12.17-PM-1-1024x682-1.jpeg\" alt=\"\" class=\"wp-image-12709\" title=\"\" srcset=\"https:\/\/alminutonoticia.com\/noticias\/wp-content\/uploads\/2024\/08\/WhatsApp-Image-2024-08-29-at-1.12.17-PM-1-1024x682-1.jpeg 1024w, https:\/\/alminutonoticia.com\/noticias\/wp-content\/uploads\/2024\/08\/WhatsApp-Image-2024-08-29-at-1.12.17-PM-1-1024x682-1-300x200.jpeg 300w, https:\/\/alminutonoticia.com\/noticias\/wp-content\/uploads\/2024\/08\/WhatsApp-Image-2024-08-29-at-1.12.17-PM-1-1024x682-1-768x512.jpeg 768w\" sizes=\"(max-width: 1024px) 100vw, 1024px\" \/><\/a><\/figure>\n\n\n\n<p>Jos\u00e9 Ruiz Blanco, gerente general de Tocumen S.A. sostuvo que \u201cel transporte a\u00e9reo comercial y de carga ha experimentado un proceso de renovaci\u00f3n extraordinario, consolid\u00e1ndose como un facilitador econ\u00f3mico muy importante para la regi\u00f3n, al contribuir en la promoci\u00f3n del turismo, facilitar el comercio y ampliar la oferta laboral\u201d.<\/p>\n\n\n\n<p>A\u00f1adi\u00f3 que \u201cestamos llamados a la aplicaci\u00f3n de estrategias que nos permitan mantener el dinamismo y eficiencia.<\/p>\n\n\n\n<p>Invirtiendo en tecnolog\u00edas avanzadas, mejoras en las infraestructuras; adem\u00e1s de la optimizaci\u00f3n de las operaciones; componentes esenciales para enfrentar los desaf\u00edos y aprovechar las oportunidades del mercado\u201d.<\/p>\n\n\n\n<p>En el segmento del transporte de mercanc\u00eda, el Aeropuerto de Tocumen, ha conectado con 25 destinos de vuelos cargueros y m\u00e1s 78 destinos de vuelos de flete en bodega (Belly Freight).<\/p>\n\n\n\n<p>El ejercicio log\u00edstico en el Aeropuerto de Tocumen cerr\u00f3 el mes de julio del a\u00f1o en curso con, 17,043; una variaci\u00f3n agregada de 637 toneladas m\u00e9tricas trasladadas; es decir un aumento del 4%, con relaci\u00f3n a julio 2023.<\/p>\n\n\n\n<p>En julio, el movimiento de carga en toneladas m\u00e9tricas por regi\u00f3n, el reporte ubica a Norte Am\u00e9rica en primer lugar con 5,862.17, seguido de Sur Am\u00e9rica 4,857.56 y luego Centro Am\u00e9rica 3,430.68.<\/p>\n\n\n\n<p>El desglose de las maniobras de vuelos, en el aeropuerto de Tocumen, tenemos que el 88% son comerciales, el 7% de carga, un 4% de aviaci\u00f3n general y el 1% en otras operaciones tales como paradas t\u00e9cnicas, ch\u00e1rter, militares y solo tripulaci\u00f3n.<\/p>\n\n\n\n<p>La comparativa de julio del 2022 al de 2024, maraca una tendencia creciente, en las maniobras a\u00e9reas del Aeropuerto Internacional de Tocumen.<\/p>\n\n\n\n<p>En cifras<\/p>\n\n\n\n<ul class=\"wp-block-list\">\n<li>Seg\u00fan informe de la industria de transporte a\u00e9reo de carga de Am\u00e9rica, se estima que el sector del flete a\u00e9rea crezca de 1.040 millones de d\u00f3lares en 2024 a 1.280 millones de d\u00f3lares en 2029, a una tasa compuesta anual del 4,22% durante el per\u00edodo previsto (2024-2029).<\/li>\n<\/ul>\n\n\n\n<figure class=\"wp-block-image size-full\"><a href=\"https:\/\/alminutonoticia.com\/noticias\/wp-content\/uploads\/2024\/08\/WhatsApp-Image-2024-08-29-at-1.12.18-PM-1024x682-1.jpeg\"><img decoding=\"async\" width=\"1024\" height=\"682\" src=\"https:\/\/alminutonoticia.com\/noticias\/wp-content\/uploads\/2024\/08\/WhatsApp-Image-2024-08-29-at-1.12.18-PM-1024x682-1.jpeg\" alt=\"\" class=\"wp-image-12710\" title=\"\" srcset=\"https:\/\/alminutonoticia.com\/noticias\/wp-content\/uploads\/2024\/08\/WhatsApp-Image-2024-08-29-at-1.12.18-PM-1024x682-1.jpeg 1024w, https:\/\/alminutonoticia.com\/noticias\/wp-content\/uploads\/2024\/08\/WhatsApp-Image-2024-08-29-at-1.12.18-PM-1024x682-1-300x200.jpeg 300w, https:\/\/alminutonoticia.com\/noticias\/wp-content\/uploads\/2024\/08\/WhatsApp-Image-2024-08-29-at-1.12.18-PM-1024x682-1-768x512.jpeg 768w\" sizes=\"(max-width: 1024px) 100vw, 1024px\" \/><\/a><\/figure>\n","protected":false},"excerpt":{"rendered":"<p>Por: Redacci\u00f3n \u2013 Panorama Econ\u00f3mico Panam\u00e1. \u2013 De acuerdo con cifras oficiales, el Aeropuerto Internacional de Tocumen, durante los siete primeros meses del 2024; registra una notable progresi\u00f3n en las operaciones. Seg\u00fan informes estad\u00edsticas del Aeropuerto de Tocumen, para los meses de enero a julio de 2024, se reportan un total de 88,404 maniobras a\u00e9reas, [&hellip;]<\/p>\n","protected":false},"author":3,"featured_media":12710,"comment_status":"open","ping_status":"open","sticky":false,"template":"","format":"standard","meta":{"footnotes":""},"categories":[36],"tags":[],"class_list":["post-12708","post","type-post","status-publish","format-standard","has-post-thumbnail","hentry","category-nacionales"],"_links":{"self":[{"href":"https:\/\/alminutonoticia.com\/noticias\/wp-json\/wp\/v2\/posts\/12708","targetHints":{"allow":["GET"]}}],"collection":[{"href":"https:\/\/alminutonoticia.com\/noticias\/wp-json\/wp\/v2\/posts"}],"about":[{"href":"https:\/\/alminutonoticia.com\/noticias\/wp-json\/wp\/v2\/types\/post"}],"author":[{"embeddable":true,"href":"https:\/\/alminutonoticia.com\/noticias\/wp-json\/wp\/v2\/users\/3"}],"replies":[{"embeddable":true,"href":"https:\/\/alminutonoticia.com\/noticias\/wp-json\/wp\/v2\/comments?post=12708"}],"version-history":[{"count":1,"href":"https:\/\/alminutonoticia.com\/noticias\/wp-json\/wp\/v2\/posts\/12708\/revisions"}],"predecessor-version":[{"id":12711,"href":"https:\/\/alminutonoticia.com\/noticias\/wp-json\/wp\/v2\/posts\/12708\/revisions\/12711"}],"wp:featuredmedia":[{"embeddable":true,"href":"https:\/\/alminutonoticia.com\/noticias\/wp-json\/wp\/v2\/media\/12710"}],"wp:attachment":[{"href":"https:\/\/alminutonoticia.com\/noticias\/wp-json\/wp\/v2\/media?parent=12708"}],"wp:term":[{"taxonomy":"category","embeddable":true,"href":"https:\/\/alminutonoticia.com\/noticias\/wp-json\/wp\/v2\/categories?post=12708"},{"taxonomy":"post_tag","embeddable":true,"href":"https:\/\/alminutonoticia.com\/noticias\/wp-json\/wp\/v2\/tags?post=12708"}],"curies":[{"name":"wp","href":"https:\/\/api.w.org\/{rel}","templated":true}]}}