{"id":12704,"date":"2024-08-30T09:51:59","date_gmt":"2024-08-30T09:51:59","guid":{"rendered":"https:\/\/alminutonoticia.com\/noticias\/?p=12704"},"modified":"2024-08-30T09:52:01","modified_gmt":"2024-08-30T09:52:01","slug":"mayor-aseguramiento-del-rubro-lechero-se-encuentra-en-la-provincia-de-chiriqui","status":"publish","type":"post","link":"https:\/\/alminutonoticia.com\/noticias\/mayor-aseguramiento-del-rubro-lechero-se-encuentra-en-la-provincia-de-chiriqui\/","title":{"rendered":"Mayor aseguramiento del rubro lechero se encuentra en la provincia de Chiriqu\u00ed"},"content":{"rendered":"\n<p>El Instituto de Seguro Agropecuario (ISA) reiter\u00f3 su compromiso con los productores durante el 17 Congreso Panamericano de La Leche que se celebra del 28 al 30 de agosto de 2024.<\/p>\n\n\n\n<p>La Subgerente del ISA, Nilka de Arellano indic\u00f3 que desde el primer d\u00eda de gesti\u00f3n mantienen ese apoyo hacia los productores y ganaderos, y adem\u00e1s est\u00e1n brindando capacitaciones.<\/p>\n\n\n\n<p>\u201cNuestra instituci\u00f3n es de puertas abiertas, siempre brindando apoyo al productor para que pueda salir adelante, desde el m\u00e1s peque\u00f1o hasta el m\u00e1s alto, siempre estamos a la orden para capacitarlos y llevar una buena pr\u00e1ctica en el desarrollo de su producci\u00f3n, ya sea ganadera, agr\u00edcola o incluso en la parte complementaria que tambi\u00e9n hacemos aseguramiento\u201d, indic\u00f3 Arellano.<\/p>\n\n\n\n<figure class=\"wp-block-image size-large\"><a href=\"https:\/\/alminutonoticia.com\/noticias\/wp-content\/uploads\/2024\/08\/WhatsApp-Image-2024-08-28-at-3.18.20-PM-scaled.jpeg\"><img fetchpriority=\"high\" decoding=\"async\" width=\"1024\" height=\"718\" src=\"https:\/\/alminutonoticia.com\/noticias\/wp-content\/uploads\/2024\/08\/WhatsApp-Image-2024-08-28-at-3.18.20-PM-1024x718.jpeg\" alt=\"\" class=\"wp-image-12705\" title=\"\" srcset=\"https:\/\/alminutonoticia.com\/noticias\/wp-content\/uploads\/2024\/08\/WhatsApp-Image-2024-08-28-at-3.18.20-PM-1024x718.jpeg 1024w, https:\/\/alminutonoticia.com\/noticias\/wp-content\/uploads\/2024\/08\/WhatsApp-Image-2024-08-28-at-3.18.20-PM-300x210.jpeg 300w, https:\/\/alminutonoticia.com\/noticias\/wp-content\/uploads\/2024\/08\/WhatsApp-Image-2024-08-28-at-3.18.20-PM-768x539.jpeg 768w, https:\/\/alminutonoticia.com\/noticias\/wp-content\/uploads\/2024\/08\/WhatsApp-Image-2024-08-28-at-3.18.20-PM-1536x1077.jpeg 1536w, https:\/\/alminutonoticia.com\/noticias\/wp-content\/uploads\/2024\/08\/WhatsApp-Image-2024-08-28-at-3.18.20-PM-2048x1437.jpeg 2048w\" sizes=\"(max-width: 1024px) 100vw, 1024px\" \/><\/a><\/figure>\n\n\n\n<p>Melvin Guevara, Gerente Pecuario del ISA, explic\u00f3 que los mayores aseguramientos en el rubro lechero se dan en la provincia de Chiriqu\u00ed en donde se cuentan con clientes fijos que por muchos a\u00f1os han asegurado su producci\u00f3n, igualmente en el seguro complementario hay clientes a nivel nacional que han asegurado sus equipos de orde\u00f1o.<\/p>\n\n\n\n<p>El ISA cuenta con un stand informativo el cual fue inaugurado por la Subgerente Nilka de Arellano, el Ministro de Desarrollo Agropecuario, Roberto Linares y el productor Gustavo Gonz\u00e1lez.<\/p>\n\n\n\n<p>El congreso fue organizado por la Federaci\u00f3n Panamericana de Lecher\u00eda (Fepale) y la Asociaci\u00f3n Nacional de Procesadores de Leche (Anaprole).<\/p>\n\n\n\n<figure class=\"wp-block-image size-large\"><a href=\"https:\/\/alminutonoticia.com\/noticias\/wp-content\/uploads\/2024\/08\/WhatsApp-Image-2024-08-28-at-3.18.19-PM-scaled.jpeg\"><img decoding=\"async\" width=\"1024\" height=\"687\" src=\"https:\/\/alminutonoticia.com\/noticias\/wp-content\/uploads\/2024\/08\/WhatsApp-Image-2024-08-28-at-3.18.19-PM-1024x687.jpeg\" alt=\"\" class=\"wp-image-12706\" title=\"\" srcset=\"https:\/\/alminutonoticia.com\/noticias\/wp-content\/uploads\/2024\/08\/WhatsApp-Image-2024-08-28-at-3.18.19-PM-1024x687.jpeg 1024w, https:\/\/alminutonoticia.com\/noticias\/wp-content\/uploads\/2024\/08\/WhatsApp-Image-2024-08-28-at-3.18.19-PM-300x201.jpeg 300w, https:\/\/alminutonoticia.com\/noticias\/wp-content\/uploads\/2024\/08\/WhatsApp-Image-2024-08-28-at-3.18.19-PM-768x515.jpeg 768w, https:\/\/alminutonoticia.com\/noticias\/wp-content\/uploads\/2024\/08\/WhatsApp-Image-2024-08-28-at-3.18.19-PM-1536x1031.jpeg 1536w, https:\/\/alminutonoticia.com\/noticias\/wp-content\/uploads\/2024\/08\/WhatsApp-Image-2024-08-28-at-3.18.19-PM-2048x1375.jpeg 2048w\" sizes=\"(max-width: 1024px) 100vw, 1024px\" \/><\/a><\/figure>\n","protected":false},"excerpt":{"rendered":"<p>El Instituto de Seguro Agropecuario (ISA) reiter\u00f3 su compromiso con los productores durante el 17 Congreso Panamericano de La Leche que se celebra del 28 al 30 de agosto de 2024. La Subgerente del ISA, Nilka de Arellano indic\u00f3 que desde el primer d\u00eda de gesti\u00f3n mantienen ese apoyo hacia los productores y ganaderos, y [&hellip;]<\/p>\n","protected":false},"author":3,"featured_media":12706,"comment_status":"open","ping_status":"open","sticky":false,"template":"","format":"standard","meta":{"footnotes":""},"categories":[36],"tags":[],"class_list":["post-12704","post","type-post","status-publish","format-standard","has-post-thumbnail","hentry","category-nacionales"],"_links":{"self":[{"href":"https:\/\/alminutonoticia.com\/noticias\/wp-json\/wp\/v2\/posts\/12704","targetHints":{"allow":["GET"]}}],"collection":[{"href":"https:\/\/alminutonoticia.com\/noticias\/wp-json\/wp\/v2\/posts"}],"about":[{"href":"https:\/\/alminutonoticia.com\/noticias\/wp-json\/wp\/v2\/types\/post"}],"author":[{"embeddable":true,"href":"https:\/\/alminutonoticia.com\/noticias\/wp-json\/wp\/v2\/users\/3"}],"replies":[{"embeddable":true,"href":"https:\/\/alminutonoticia.com\/noticias\/wp-json\/wp\/v2\/comments?post=12704"}],"version-history":[{"count":1,"href":"https:\/\/alminutonoticia.com\/noticias\/wp-json\/wp\/v2\/posts\/12704\/revisions"}],"predecessor-version":[{"id":12707,"href":"https:\/\/alminutonoticia.com\/noticias\/wp-json\/wp\/v2\/posts\/12704\/revisions\/12707"}],"wp:featuredmedia":[{"embeddable":true,"href":"https:\/\/alminutonoticia.com\/noticias\/wp-json\/wp\/v2\/media\/12706"}],"wp:attachment":[{"href":"https:\/\/alminutonoticia.com\/noticias\/wp-json\/wp\/v2\/media?parent=12704"}],"wp:term":[{"taxonomy":"category","embeddable":true,"href":"https:\/\/alminutonoticia.com\/noticias\/wp-json\/wp\/v2\/categories?post=12704"},{"taxonomy":"post_tag","embeddable":true,"href":"https:\/\/alminutonoticia.com\/noticias\/wp-json\/wp\/v2\/tags?post=12704"}],"curies":[{"name":"wp","href":"https:\/\/api.w.org\/{rel}","templated":true}]}}