{"id":1269,"date":"2023-02-15T10:16:51","date_gmt":"2023-02-15T10:16:51","guid":{"rendered":"https:\/\/alminutonoticia.com\/noticias\/?p=1269"},"modified":"2023-02-15T10:16:52","modified_gmt":"2023-02-15T10:16:52","slug":"estrategia-regional-para-una-migracion-segura-buscan-panama-estados-unidos-y-colombia","status":"publish","type":"post","link":"https:\/\/alminutonoticia.com\/noticias\/estrategia-regional-para-una-migracion-segura-buscan-panama-estados-unidos-y-colombia\/","title":{"rendered":"Estrateg\u00eda regional para una migraci\u00f3n segura buscan Panam\u00e1, Estados Unidos y Colombia."},"content":{"rendered":"\n<p>Con el inter\u00e9s de unir esfuerzos y de generar estrategias a nivel regional, que aseguren una migraci\u00f3n segura, ordenada y humanitaria participaron hoy en la Reuni\u00f3n Trilateral Regional (Panam\u00e1, Colombia, Estados Unidos), la canciller Janaina Tewaney Mencomo y el ministro de Seguridad, Juan Manuel Pino.<br>Ejecutando la pol\u00edtica exterior y de seguridad nacional, dictada por el Presidente Laurentino Cortizo Cohen, la ministra de Relaciones Exteriores y el ministro de Seguridad P\u00fablica, junto a los ministros colombianos \u00c1lvaro Leyva Dur\u00e1n de Relaciones Exteriores e Iv\u00e1n Vel\u00e1squez G\u00f3mez de Defensa, as\u00ed como la embajadora estadounidense en Panam\u00e1, Mari Carmen Aponte, analizaron la situaci\u00f3n imperante mientras sobrevolaban la espesa selva del Dari\u00e9n. Adem\u00e1s, realizaron un recorrido por el puesto de \u201cAlto Lim\u00f3n\u201d, donde pudieron monitorear los efectos e impacto del fen\u00f3meno migratorio, en materia de seguridad y ambiente.<\/p>\n\n\n\n<p><br>Mecanismos para salvar vidas, y mitigar el impacto social y ambiental de la migraci\u00f3n irregular, tambi\u00e9n fueron revisados en detalle. Se tom\u00f3 en cuenta que, desde el pasado mes de enero, han transitado por la selva del Dari\u00e9n m\u00e1s de 32,800 migrantes. Esta cantidad es similar a la cifra alcanzada en el sector, 33.819 tr\u00e1nsitos, \u00fanicamente durante los primeros cinco meses del a\u00f1o 2022. En los pr\u00f3ximos meses del a\u00f1o 2023, est\u00e1 previsto el paso de 400,000 migrantes adicionales.<\/p>\n\n\n\n<p><br>Los miembros de la delegaci\u00f3n de alto nivel, pudieron escuchar a oficiales del ministerio de Seguridad, del Servicio Nacional de Fronteras y del Servicio Nacional de Migraci\u00f3n, quienes plantearon la necesidad de acciones conjuntas contras las redes del crimen organizado. Ellos no ocultaron su preocupaci\u00f3n frente al trato humanitario que debe dispensarse a estos miles de migrantes, y aportaron detalles sobre el impacto ambiental, que se reflejar\u00e1 negativamente, en el Parque Nacional Dari\u00e9n por el flujo irregular de tantas personas.<\/p>\n\n\n\n<p><br>La canciller Tewaney observ\u00f3 que, como pa\u00edses que comparten fronteras comunes, Panam\u00e1 y Colombia deben actuar de manera un\u00edsona protegiendo tanto el Parque Nacional de Dari\u00e9n, como el Parque Nacional Natural de Los Kat\u00edos y -por supuesto- los territorios que los pueblos originarios ocupan ejerciendo su derecho a vivir sin que se les perturbe: ni su forma de vida, ni sus tradiciones.<br>Finalmente, la jefa de la diplomacia paname\u00f1a resalt\u00f3 la necesidad de construir un frente com\u00fan en el que los pa\u00edses al sur del Continente articulen esfuerzos para tratar la migraci\u00f3n ilegal. Agreg\u00f3 que, con ese inter\u00e9s, Panam\u00e1 impulsa desde la Presidencia Pro tempore de la Conferencia Regional sobre Migraci\u00f3n, la estructuraci\u00f3n y publicaci\u00f3n de campa\u00f1as dirigidas a mostrar la cruda realidad del tr\u00e1nsito irregular.<\/p>\n\n\n\n<p><br>En esta Reuni\u00f3n Trilateral Regional sobre asuntos migratorios tambi\u00e9n participaron, por Panam\u00e1: Vladimir Franco; Viceministro de Relaciones Exteriores, Samira Gozaine; Directora General del Servicio Nacional de Migraci\u00f3n y Oriel Ortega, Director General del Servicio Nacional de Fronteras.<\/p>\n\n\n\n<p><\/p>\n\n\n\n<figure class=\"wp-block-image size-large\"><a href=\"https:\/\/alminutonoticia.com\/noticias\/wp-content\/uploads\/2023\/02\/WhatsApp-Image-2023-02-14-at-8.57.44-PM.jpeg\"><img fetchpriority=\"high\" decoding=\"async\" width=\"1024\" height=\"768\" src=\"https:\/\/alminutonoticia.com\/noticias\/wp-content\/uploads\/2023\/02\/WhatsApp-Image-2023-02-14-at-8.57.44-PM-1024x768.jpeg\" alt=\"\" class=\"wp-image-1270\" title=\"\" srcset=\"https:\/\/alminutonoticia.com\/noticias\/wp-content\/uploads\/2023\/02\/WhatsApp-Image-2023-02-14-at-8.57.44-PM-1024x768.jpeg 1024w, https:\/\/alminutonoticia.com\/noticias\/wp-content\/uploads\/2023\/02\/WhatsApp-Image-2023-02-14-at-8.57.44-PM-300x225.jpeg 300w, https:\/\/alminutonoticia.com\/noticias\/wp-content\/uploads\/2023\/02\/WhatsApp-Image-2023-02-14-at-8.57.44-PM-768x576.jpeg 768w, https:\/\/alminutonoticia.com\/noticias\/wp-content\/uploads\/2023\/02\/WhatsApp-Image-2023-02-14-at-8.57.44-PM-1536x1152.jpeg 1536w, https:\/\/alminutonoticia.com\/noticias\/wp-content\/uploads\/2023\/02\/WhatsApp-Image-2023-02-14-at-8.57.44-PM.jpeg 1600w\" sizes=\"(max-width: 1024px) 100vw, 1024px\" \/><\/a><\/figure>\n\n\n\n<figure class=\"wp-block-image size-large\"><a href=\"https:\/\/alminutonoticia.com\/noticias\/wp-content\/uploads\/2023\/02\/WhatsApp-Image-2023-02-14-at-8.57.44-PM-1.jpeg\"><img decoding=\"async\" width=\"1024\" height=\"682\" src=\"https:\/\/alminutonoticia.com\/noticias\/wp-content\/uploads\/2023\/02\/WhatsApp-Image-2023-02-14-at-8.57.44-PM-1-1024x682.jpeg\" alt=\"\" class=\"wp-image-1271\" title=\"\" srcset=\"https:\/\/alminutonoticia.com\/noticias\/wp-content\/uploads\/2023\/02\/WhatsApp-Image-2023-02-14-at-8.57.44-PM-1-1024x682.jpeg 1024w, https:\/\/alminutonoticia.com\/noticias\/wp-content\/uploads\/2023\/02\/WhatsApp-Image-2023-02-14-at-8.57.44-PM-1-300x200.jpeg 300w, https:\/\/alminutonoticia.com\/noticias\/wp-content\/uploads\/2023\/02\/WhatsApp-Image-2023-02-14-at-8.57.44-PM-1-768x512.jpeg 768w, https:\/\/alminutonoticia.com\/noticias\/wp-content\/uploads\/2023\/02\/WhatsApp-Image-2023-02-14-at-8.57.44-PM-1-1536x1023.jpeg 1536w, https:\/\/alminutonoticia.com\/noticias\/wp-content\/uploads\/2023\/02\/WhatsApp-Image-2023-02-14-at-8.57.44-PM-1.jpeg 1600w\" sizes=\"(max-width: 1024px) 100vw, 1024px\" \/><\/a><\/figure>\n\n\n\n<figure class=\"wp-block-image size-large\"><a href=\"https:\/\/alminutonoticia.com\/noticias\/wp-content\/uploads\/2023\/02\/WhatsApp-Image-2023-02-14-at-8.57.43-PM.jpeg\"><img decoding=\"async\" width=\"1024\" height=\"576\" src=\"https:\/\/alminutonoticia.com\/noticias\/wp-content\/uploads\/2023\/02\/WhatsApp-Image-2023-02-14-at-8.57.43-PM-1024x576.jpeg\" alt=\"\" class=\"wp-image-1272\" title=\"\" srcset=\"https:\/\/alminutonoticia.com\/noticias\/wp-content\/uploads\/2023\/02\/WhatsApp-Image-2023-02-14-at-8.57.43-PM-1024x576.jpeg 1024w, https:\/\/alminutonoticia.com\/noticias\/wp-content\/uploads\/2023\/02\/WhatsApp-Image-2023-02-14-at-8.57.43-PM-300x169.jpeg 300w, https:\/\/alminutonoticia.com\/noticias\/wp-content\/uploads\/2023\/02\/WhatsApp-Image-2023-02-14-at-8.57.43-PM-768x432.jpeg 768w, https:\/\/alminutonoticia.com\/noticias\/wp-content\/uploads\/2023\/02\/WhatsApp-Image-2023-02-14-at-8.57.43-PM-1536x864.jpeg 1536w, https:\/\/alminutonoticia.com\/noticias\/wp-content\/uploads\/2023\/02\/WhatsApp-Image-2023-02-14-at-8.57.43-PM.jpeg 1600w\" sizes=\"(max-width: 1024px) 100vw, 1024px\" \/><\/a><\/figure>\n","protected":false},"excerpt":{"rendered":"<p>Con el inter\u00e9s de unir esfuerzos y de generar estrategias a nivel regional, que aseguren una migraci\u00f3n segura, ordenada y humanitaria participaron hoy en la Reuni\u00f3n Trilateral Regional (Panam\u00e1, Colombia, Estados Unidos), la canciller Janaina Tewaney Mencomo y el ministro de Seguridad, Juan Manuel Pino.Ejecutando la pol\u00edtica exterior y de seguridad nacional, dictada por el [&hellip;]<\/p>\n","protected":false},"author":3,"featured_media":1270,"comment_status":"open","ping_status":"open","sticky":false,"template":"","format":"standard","meta":{"footnotes":""},"categories":[39,36],"tags":[],"class_list":["post-1269","post","type-post","status-publish","format-standard","has-post-thumbnail","hentry","category-internacionales","category-nacionales"],"_links":{"self":[{"href":"https:\/\/alminutonoticia.com\/noticias\/wp-json\/wp\/v2\/posts\/1269","targetHints":{"allow":["GET"]}}],"collection":[{"href":"https:\/\/alminutonoticia.com\/noticias\/wp-json\/wp\/v2\/posts"}],"about":[{"href":"https:\/\/alminutonoticia.com\/noticias\/wp-json\/wp\/v2\/types\/post"}],"author":[{"embeddable":true,"href":"https:\/\/alminutonoticia.com\/noticias\/wp-json\/wp\/v2\/users\/3"}],"replies":[{"embeddable":true,"href":"https:\/\/alminutonoticia.com\/noticias\/wp-json\/wp\/v2\/comments?post=1269"}],"version-history":[{"count":1,"href":"https:\/\/alminutonoticia.com\/noticias\/wp-json\/wp\/v2\/posts\/1269\/revisions"}],"predecessor-version":[{"id":1273,"href":"https:\/\/alminutonoticia.com\/noticias\/wp-json\/wp\/v2\/posts\/1269\/revisions\/1273"}],"wp:featuredmedia":[{"embeddable":true,"href":"https:\/\/alminutonoticia.com\/noticias\/wp-json\/wp\/v2\/media\/1270"}],"wp:attachment":[{"href":"https:\/\/alminutonoticia.com\/noticias\/wp-json\/wp\/v2\/media?parent=1269"}],"wp:term":[{"taxonomy":"category","embeddable":true,"href":"https:\/\/alminutonoticia.com\/noticias\/wp-json\/wp\/v2\/categories?post=1269"},{"taxonomy":"post_tag","embeddable":true,"href":"https:\/\/alminutonoticia.com\/noticias\/wp-json\/wp\/v2\/tags?post=1269"}],"curies":[{"name":"wp","href":"https:\/\/api.w.org\/{rel}","templated":true}]}}