{"id":12682,"date":"2024-08-28T04:19:55","date_gmt":"2024-08-28T04:19:55","guid":{"rendered":"https:\/\/alminutonoticia.com\/noticias\/?p=12682"},"modified":"2024-08-28T04:19:57","modified_gmt":"2024-08-28T04:19:57","slug":"gabinete-aprueba-programa-de-apoyo-educativo-que-va-entre-b-270-a-b-450-por-ano-escolar","status":"publish","type":"post","link":"https:\/\/alminutonoticia.com\/noticias\/gabinete-aprueba-programa-de-apoyo-educativo-que-va-entre-b-270-a-b-450-por-ano-escolar\/","title":{"rendered":"Gabinete aprueba programa de apoyo educativo que va entre B\/.270 a B\/.450 por a\u00f1o escolar"},"content":{"rendered":"\n<p>El Consejo de Gabinete aprob\u00f3 hoy el proyecto de ley 23-24, que modifica el programa de Beca Universal y crea el programa de apoyo educativo que tiene como objetivo incentivar la inserci\u00f3n y el progreso educativo de los estudiantes de primaria, premedia y media del subsistema regular y de educaci\u00f3n especial del subsistema no regular, mediante la asignaci\u00f3n de transferencia de un beneficio econ\u00f3mico que va entre B\/.270 a B\/.450 por a\u00f1o escolar.<\/p>\n\n\n\n<p>El Ministerio de Educaci\u00f3n con el Instituto de Formaci\u00f3n y Aprovechamiento de los Recursos Humanos (IFARHU) conformar\u00e1n una comisi\u00f3n interinstitucional que se encargar\u00e1 de velar por su desarrollo y cumplimiento.<\/p>\n\n\n\n<p>El beneficio debe ser destinado y utilizado en la compra de uniformes, libros, \u00fatiles escolares, as\u00ed como en el pago de transporte y cualquier otra necesidad que contribuya con el mejor desempe\u00f1o y aprovechamiento acad\u00e9mico del estudiante.<\/p>\n\n\n\n<p>Para recibir el beneficio, los estudiantes deber\u00e1n cursar y aprobar los estudios correspondientes y cumplir con las reglas de asistencia y conducta.<\/p>\n\n\n\n<figure class=\"wp-block-image size-full\"><a href=\"https:\/\/alminutonoticia.com\/noticias\/wp-content\/uploads\/2024\/08\/WhatsApp-Image-2024-08-27-at-6.15.15-PM-1024x682-1.jpeg\"><img fetchpriority=\"high\" decoding=\"async\" width=\"1024\" height=\"682\" src=\"https:\/\/alminutonoticia.com\/noticias\/wp-content\/uploads\/2024\/08\/WhatsApp-Image-2024-08-27-at-6.15.15-PM-1024x682-1.jpeg\" alt=\"\" class=\"wp-image-12683\" title=\"\" srcset=\"https:\/\/alminutonoticia.com\/noticias\/wp-content\/uploads\/2024\/08\/WhatsApp-Image-2024-08-27-at-6.15.15-PM-1024x682-1.jpeg 1024w, https:\/\/alminutonoticia.com\/noticias\/wp-content\/uploads\/2024\/08\/WhatsApp-Image-2024-08-27-at-6.15.15-PM-1024x682-1-300x200.jpeg 300w, https:\/\/alminutonoticia.com\/noticias\/wp-content\/uploads\/2024\/08\/WhatsApp-Image-2024-08-27-at-6.15.15-PM-1024x682-1-768x512.jpeg 768w\" sizes=\"(max-width: 1024px) 100vw, 1024px\" \/><\/a><\/figure>\n\n\n\n<p>En tanto, los acudientes deber\u00e1n asistir a las reuniones de seguimiento acad\u00e9mico y de conducta, as\u00ed como participar de forma permanente en el proceso de ense\u00f1anza-aprendizaje del estudiante. Tambi\u00e9n se le tomar\u00e1 en cuenta su asistencia y participaci\u00f3n en las actividades del programa Escuela para Padres.<\/p>\n\n\n\n<p>El IFARHU suspender\u00e1 el otorgamiento de este beneficio si el estudiante y acudiente incumplen con los compromisos de seguimiento educativo, asistencia y conducta.<\/p>\n\n\n\n<p>Tambi\u00e9n se establece que el Ministerio de Educaci\u00f3n suministrar\u00e1 al IFARHU la informaci\u00f3n de los estudiantes que re\u00fanan las condiciones establecidas por la ley.<\/p>\n\n\n\n<p>Los estudiantes de centros educativos particulares recibir\u00e1n el beneficio si se trata de una entidad educativa autorizada por el Ministerio de Educaci\u00f3n y cuya suma de la matr\u00edcula y de las mensualidades no sobrepase los B\/.2,300 anuales.<\/p>\n\n\n\n<figure class=\"wp-block-image size-large\"><a href=\"https:\/\/alminutonoticia.com\/noticias\/wp-content\/uploads\/2024\/08\/WhatsApp-Image-2024-08-27-at-6.49.37-PM.jpeg\"><img decoding=\"async\" width=\"1024\" height=\"711\" src=\"https:\/\/alminutonoticia.com\/noticias\/wp-content\/uploads\/2024\/08\/WhatsApp-Image-2024-08-27-at-6.49.37-PM-1024x711.jpeg\" alt=\"\" class=\"wp-image-12684\" title=\"\" srcset=\"https:\/\/alminutonoticia.com\/noticias\/wp-content\/uploads\/2024\/08\/WhatsApp-Image-2024-08-27-at-6.49.37-PM-1024x711.jpeg 1024w, https:\/\/alminutonoticia.com\/noticias\/wp-content\/uploads\/2024\/08\/WhatsApp-Image-2024-08-27-at-6.49.37-PM-300x208.jpeg 300w, https:\/\/alminutonoticia.com\/noticias\/wp-content\/uploads\/2024\/08\/WhatsApp-Image-2024-08-27-at-6.49.37-PM-768x533.jpeg 768w, https:\/\/alminutonoticia.com\/noticias\/wp-content\/uploads\/2024\/08\/WhatsApp-Image-2024-08-27-at-6.49.37-PM.jpeg 1280w\" sizes=\"(max-width: 1024px) 100vw, 1024px\" \/><\/a><\/figure>\n","protected":false},"excerpt":{"rendered":"<p>El Consejo de Gabinete aprob\u00f3 hoy el proyecto de ley 23-24, que modifica el programa de Beca Universal y crea el programa de apoyo educativo que tiene como objetivo incentivar la inserci\u00f3n y el progreso educativo de los estudiantes de primaria, premedia y media del subsistema regular y de educaci\u00f3n especial del subsistema no regular, [&hellip;]<\/p>\n","protected":false},"author":3,"featured_media":12684,"comment_status":"open","ping_status":"open","sticky":false,"template":"","format":"standard","meta":{"footnotes":""},"categories":[36],"tags":[],"class_list":["post-12682","post","type-post","status-publish","format-standard","has-post-thumbnail","hentry","category-nacionales"],"_links":{"self":[{"href":"https:\/\/alminutonoticia.com\/noticias\/wp-json\/wp\/v2\/posts\/12682","targetHints":{"allow":["GET"]}}],"collection":[{"href":"https:\/\/alminutonoticia.com\/noticias\/wp-json\/wp\/v2\/posts"}],"about":[{"href":"https:\/\/alminutonoticia.com\/noticias\/wp-json\/wp\/v2\/types\/post"}],"author":[{"embeddable":true,"href":"https:\/\/alminutonoticia.com\/noticias\/wp-json\/wp\/v2\/users\/3"}],"replies":[{"embeddable":true,"href":"https:\/\/alminutonoticia.com\/noticias\/wp-json\/wp\/v2\/comments?post=12682"}],"version-history":[{"count":1,"href":"https:\/\/alminutonoticia.com\/noticias\/wp-json\/wp\/v2\/posts\/12682\/revisions"}],"predecessor-version":[{"id":12685,"href":"https:\/\/alminutonoticia.com\/noticias\/wp-json\/wp\/v2\/posts\/12682\/revisions\/12685"}],"wp:featuredmedia":[{"embeddable":true,"href":"https:\/\/alminutonoticia.com\/noticias\/wp-json\/wp\/v2\/media\/12684"}],"wp:attachment":[{"href":"https:\/\/alminutonoticia.com\/noticias\/wp-json\/wp\/v2\/media?parent=12682"}],"wp:term":[{"taxonomy":"category","embeddable":true,"href":"https:\/\/alminutonoticia.com\/noticias\/wp-json\/wp\/v2\/categories?post=12682"},{"taxonomy":"post_tag","embeddable":true,"href":"https:\/\/alminutonoticia.com\/noticias\/wp-json\/wp\/v2\/tags?post=12682"}],"curies":[{"name":"wp","href":"https:\/\/api.w.org\/{rel}","templated":true}]}}