{"id":12678,"date":"2024-08-28T04:16:38","date_gmt":"2024-08-28T04:16:38","guid":{"rendered":"https:\/\/alminutonoticia.com\/noticias\/?p=12678"},"modified":"2024-08-28T04:16:41","modified_gmt":"2024-08-28T04:16:41","slug":"amp-y-apademar-trazan-hoja-de-ruta-para-impulsar-la-industria-maritima","status":"publish","type":"post","link":"https:\/\/alminutonoticia.com\/noticias\/amp-y-apademar-trazan-hoja-de-ruta-para-impulsar-la-industria-maritima\/","title":{"rendered":"AMP y APADEMAR trazan hoja de ruta para impulsar la Industria Mar\u00edtima"},"content":{"rendered":"\n<p>Los nuevos directivos de la&nbsp;<strong>Autoridad Mar\u00edtima de Panam\u00e1 (AMP)<\/strong>&nbsp;y la Asociaci\u00f3n Paname\u00f1a de Derecho Mar\u00edtimo (APADEMAR) sostuvieron una reuni\u00f3n de acercamiento para desarrollar estrategias que permitan mejorar la imagen del Registro de Buques de Panam\u00e1.<\/p>\n\n\n\n<p>El encuentro liderado por el subadministrador de la&nbsp;<strong>AMP<\/strong>, Alexander De Gracia se concentr\u00f3&nbsp; en los aspectos que el pa\u00eds requiere enfrentar de cara a los desaf\u00edos de la industria mar\u00edtima.<\/p>\n\n\n\n<p>Entre los temas concretos planteados por APADEMAR en este encuentro est\u00e1n: el mejoramiento de la competitividad&nbsp;de la marina mercante, la reforma a la Ley General de Marina Mercante (Ley No.57 de 6 de agosto de 2008), el proyecto de ley sobre sociedades mar\u00edtimas y el fortalecimiento de los consulados.<\/p>\n\n\n\n<p>De Graciasubray\u00f3 que esta entidad mantendr\u00e1 una pol\u00edtica de puertas abiertas con todas las organizaciones del sector para alcanzar objetivos comunes. \u201cEstamos comprometidos con la mejora continua de nuestros servicios\u201d, destac\u00f3 el subadministrador de la&nbsp;<strong>AMP<\/strong>.<\/p>\n\n\n\n<p>En cuanto a la flota paname\u00f1a, afirm\u00f3 que el objetivo de la administraci\u00f3n es crecer en calidad.&nbsp; \u201cEn el corto plazo, lanzaremos el proyecto&nbsp;<em>Segumar 24 horas Panam\u00e1<\/em>, lo cual nos permitir\u00e1 ofrecer un servicio m\u00e1s eficiente\u201d anunci\u00f3 el subadministrador.<\/p>\n\n\n\n<p>De Gracia anunci\u00f3 que se tiene definida una estrategia para cumplir con el Memorando de Entendimiento de Par\u00eds (Paris MOU). Sin embargo, reconoci\u00f3 que alcanzar los resultados deseados requiere tiempo y un riguroso seguimiento de estad\u00edsticas e inspecciones.<\/p>\n\n\n\n<p>La&nbsp;<strong>AMP<\/strong>&nbsp;est\u00e1 en un proceso de reforzar las inspecciones en los buques. Este tipo de acciones reducir\u00e1n el n\u00famero de detenciones de naves y optimizar\u00e1n el desempe\u00f1o del registro.&nbsp;<\/p>\n\n\n\n<p>Por su parte, el director general de Marina Mercante, Ram\u00f3n Franco resalt\u00f3 que esta administraci\u00f3n priorizar\u00e1 el ingreso de naves de nueva construcci\u00f3n y la implementaci\u00f3n de estrictos protocolos de debida diligencia. \u201cEsta estrategia permitir\u00e1 mantener nuestra posici\u00f3n entre los registros m\u00e1s importantes del mundo\u201d.&nbsp;<\/p>\n\n\n\n<p>Franco resalt\u00f3 que para alcanzar este objetivo es fundamental trabajar de la mano con el gremio.<\/p>\n\n\n\n<figure class=\"wp-block-image size-full\"><a href=\"https:\/\/alminutonoticia.com\/noticias\/wp-content\/uploads\/2024\/08\/REUNION-CON-APADEMAR-1-1024x748-1.jpeg\"><img fetchpriority=\"high\" decoding=\"async\" width=\"1024\" height=\"748\" src=\"https:\/\/alminutonoticia.com\/noticias\/wp-content\/uploads\/2024\/08\/REUNION-CON-APADEMAR-1-1024x748-1.jpeg\" alt=\"\" class=\"wp-image-12679\" title=\"\" srcset=\"https:\/\/alminutonoticia.com\/noticias\/wp-content\/uploads\/2024\/08\/REUNION-CON-APADEMAR-1-1024x748-1.jpeg 1024w, https:\/\/alminutonoticia.com\/noticias\/wp-content\/uploads\/2024\/08\/REUNION-CON-APADEMAR-1-1024x748-1-300x219.jpeg 300w, https:\/\/alminutonoticia.com\/noticias\/wp-content\/uploads\/2024\/08\/REUNION-CON-APADEMAR-1-1024x748-1-768x561.jpeg 768w\" sizes=\"(max-width: 1024px) 100vw, 1024px\" \/><\/a><\/figure>\n\n\n\n<p>Los representantes de APADEMAR tambi\u00e9n resaltaron la importancia de que Panam\u00e1 firme el Convenio de Beijing de la Comisi\u00f3n de las Naciones Unidas para el Derecho Mercantil Internacional (CNUDMI), el cual versa sobre la venta judicial de buques.&nbsp;<\/p>\n\n\n\n<p>Dicho convenio establece que una venta judicial realizada en uno de sus Estado parte que otorgue un t\u00edtulo de propiedad limpio al comprador tiene el mismo efecto en el resto de los Estados signatarios, con lo que se reviste de mayor seguridad jur\u00eddica a este tipo de operaciones.<\/p>\n\n\n\n<p>Para facilitar el funcionamiento de este r\u00e9gimen y la salvaguarda de los derechos de las partes que tengan intereses en el buque, deben expedirse una notificaci\u00f3n y un certificado de venta judicial en el Estado en el que tenga lugar el negocio.<\/p>\n\n\n\n<p>Los miembros de APADEMAR solicitaron la colaboraci\u00f3n de la&nbsp;<strong>AMP<\/strong>&nbsp;para gestionar la suscripci\u00f3n de este convenio con el &nbsp;Ministerio de Relaciones Exteriores, lo cual optimizar\u00e1 el Registro de Buques del Panam\u00e1.<\/p>\n\n\n\n<p>El presidente de la junta directiva de APADEMAR, Joaqu\u00edn De Obarrio ratific\u00f3 el compromiso de colaborar con la&nbsp;<strong>AMP&nbsp;<\/strong>en la consecuci\u00f3n de los objetivos propuestos<strong>.<\/strong><\/p>\n\n\n\n<figure class=\"wp-block-image size-full\"><a href=\"https:\/\/alminutonoticia.com\/noticias\/wp-content\/uploads\/2024\/08\/REUNION-APADEMAR-5-1024x682-1.jpeg\"><img decoding=\"async\" width=\"1024\" height=\"682\" src=\"https:\/\/alminutonoticia.com\/noticias\/wp-content\/uploads\/2024\/08\/REUNION-APADEMAR-5-1024x682-1.jpeg\" alt=\"\" class=\"wp-image-12680\" title=\"\" srcset=\"https:\/\/alminutonoticia.com\/noticias\/wp-content\/uploads\/2024\/08\/REUNION-APADEMAR-5-1024x682-1.jpeg 1024w, https:\/\/alminutonoticia.com\/noticias\/wp-content\/uploads\/2024\/08\/REUNION-APADEMAR-5-1024x682-1-300x200.jpeg 300w, https:\/\/alminutonoticia.com\/noticias\/wp-content\/uploads\/2024\/08\/REUNION-APADEMAR-5-1024x682-1-768x512.jpeg 768w\" sizes=\"(max-width: 1024px) 100vw, 1024px\" \/><\/a><\/figure>\n","protected":false},"excerpt":{"rendered":"<p>Los nuevos directivos de la&nbsp;Autoridad Mar\u00edtima de Panam\u00e1 (AMP)&nbsp;y la Asociaci\u00f3n Paname\u00f1a de Derecho Mar\u00edtimo (APADEMAR) sostuvieron una reuni\u00f3n de acercamiento para desarrollar estrategias que permitan mejorar la imagen del Registro de Buques de Panam\u00e1. El encuentro liderado por el subadministrador de la&nbsp;AMP, Alexander De Gracia se concentr\u00f3&nbsp; en los aspectos que el pa\u00eds requiere [&hellip;]<\/p>\n","protected":false},"author":3,"featured_media":12679,"comment_status":"open","ping_status":"open","sticky":false,"template":"","format":"standard","meta":{"footnotes":""},"categories":[36],"tags":[],"class_list":["post-12678","post","type-post","status-publish","format-standard","has-post-thumbnail","hentry","category-nacionales"],"_links":{"self":[{"href":"https:\/\/alminutonoticia.com\/noticias\/wp-json\/wp\/v2\/posts\/12678","targetHints":{"allow":["GET"]}}],"collection":[{"href":"https:\/\/alminutonoticia.com\/noticias\/wp-json\/wp\/v2\/posts"}],"about":[{"href":"https:\/\/alminutonoticia.com\/noticias\/wp-json\/wp\/v2\/types\/post"}],"author":[{"embeddable":true,"href":"https:\/\/alminutonoticia.com\/noticias\/wp-json\/wp\/v2\/users\/3"}],"replies":[{"embeddable":true,"href":"https:\/\/alminutonoticia.com\/noticias\/wp-json\/wp\/v2\/comments?post=12678"}],"version-history":[{"count":1,"href":"https:\/\/alminutonoticia.com\/noticias\/wp-json\/wp\/v2\/posts\/12678\/revisions"}],"predecessor-version":[{"id":12681,"href":"https:\/\/alminutonoticia.com\/noticias\/wp-json\/wp\/v2\/posts\/12678\/revisions\/12681"}],"wp:featuredmedia":[{"embeddable":true,"href":"https:\/\/alminutonoticia.com\/noticias\/wp-json\/wp\/v2\/media\/12679"}],"wp:attachment":[{"href":"https:\/\/alminutonoticia.com\/noticias\/wp-json\/wp\/v2\/media?parent=12678"}],"wp:term":[{"taxonomy":"category","embeddable":true,"href":"https:\/\/alminutonoticia.com\/noticias\/wp-json\/wp\/v2\/categories?post=12678"},{"taxonomy":"post_tag","embeddable":true,"href":"https:\/\/alminutonoticia.com\/noticias\/wp-json\/wp\/v2\/tags?post=12678"}],"curies":[{"name":"wp","href":"https:\/\/api.w.org\/{rel}","templated":true}]}}