{"id":12565,"date":"2024-08-21T02:43:07","date_gmt":"2024-08-21T02:43:07","guid":{"rendered":"https:\/\/alminutonoticia.com\/noticias\/?p=12565"},"modified":"2024-08-21T02:43:08","modified_gmt":"2024-08-21T02:43:08","slug":"manana-21-de-agosto-el-hijo-del-diputado-raul-pineda-tendra-audiencia-de-imputacion-de-cargos","status":"publish","type":"post","link":"https:\/\/alminutonoticia.com\/noticias\/manana-21-de-agosto-el-hijo-del-diputado-raul-pineda-tendra-audiencia-de-imputacion-de-cargos\/","title":{"rendered":"Ma\u00f1ana 21 de agosto, el hijo del diputado Ra\u00fal Pineda tendr\u00e1 audiencia de imputaci\u00f3n de cargos\u00a0"},"content":{"rendered":"\n<p>Marlenis Boutet, juez de garant\u00edas, rechaz\u00f3 que hubo afectaci\u00f3n de derechos constitucionales a Abraham Rico Pineda, hijo del diputado Ra\u00fal Pineda, investigado por presuntos delitos de tr\u00e1fico de drogas y blanqueo de capitales.<\/p>\n\n\n\n<p>El grupo legal de Pineda hab\u00eda solicitado la audiencia porque alegaban la afectaci\u00f3n de los derechos constitucionales de su cliente al publicarse su nombre y su foto como parte de una red de tr\u00e1fico de droga.<\/p>\n\n\n\n<p>Boutet aleg\u00f3 que son tr\u00e1mites que la ley faculta para efectuarlas.<\/p>\n\n\n\n<p>En tanto, uno de los abogados de Pineda, V\u00edctor Orobio, afirm\u00f3 que la audiencia de legalizaci\u00f3n, imputaci\u00f3n de cargos y aplicaci\u00f3n de medidas cautelares para Pineda, se realizar\u00e1 ma\u00f1ana 21 de agosto en horas de la tarde.<\/p>\n\n\n\n<p>A\u00f1adi\u00f3 que el equipo legal presentar\u00e1 argumentos y pruebas que demostrar\u00e1n que su cliente no tiene v\u00ednculo con red criminal de tr\u00e1fico de drogas y blanqueo de capitales.<\/p>\n\n\n\n<figure class=\"wp-block-image size-full\"><a href=\"https:\/\/alminutonoticia.com\/noticias\/wp-content\/uploads\/2024\/08\/dos_rico_1-720x470-1.jpeg\"><img fetchpriority=\"high\" decoding=\"async\" width=\"720\" height=\"470\" src=\"https:\/\/alminutonoticia.com\/noticias\/wp-content\/uploads\/2024\/08\/dos_rico_1-720x470-1.jpeg\" alt=\"\" class=\"wp-image-12566\" title=\"\" srcset=\"https:\/\/alminutonoticia.com\/noticias\/wp-content\/uploads\/2024\/08\/dos_rico_1-720x470-1.jpeg 720w, https:\/\/alminutonoticia.com\/noticias\/wp-content\/uploads\/2024\/08\/dos_rico_1-720x470-1-300x196.jpeg 300w\" sizes=\"(max-width: 720px) 100vw, 720px\" \/><\/a><\/figure>\n","protected":false},"excerpt":{"rendered":"<p>Marlenis Boutet, juez de garant\u00edas, rechaz\u00f3 que hubo afectaci\u00f3n de derechos constitucionales a Abraham Rico Pineda, hijo del diputado Ra\u00fal Pineda, investigado por presuntos delitos de tr\u00e1fico de drogas y blanqueo de capitales. El grupo legal de Pineda hab\u00eda solicitado la audiencia porque alegaban la afectaci\u00f3n de los derechos constitucionales de su cliente al publicarse [&hellip;]<\/p>\n","protected":false},"author":3,"featured_media":0,"comment_status":"open","ping_status":"open","sticky":false,"template":"","format":"standard","meta":{"footnotes":""},"categories":[1],"tags":[],"class_list":["post-12565","post","type-post","status-publish","format-standard","hentry","category-sin-categoria"],"_links":{"self":[{"href":"https:\/\/alminutonoticia.com\/noticias\/wp-json\/wp\/v2\/posts\/12565","targetHints":{"allow":["GET"]}}],"collection":[{"href":"https:\/\/alminutonoticia.com\/noticias\/wp-json\/wp\/v2\/posts"}],"about":[{"href":"https:\/\/alminutonoticia.com\/noticias\/wp-json\/wp\/v2\/types\/post"}],"author":[{"embeddable":true,"href":"https:\/\/alminutonoticia.com\/noticias\/wp-json\/wp\/v2\/users\/3"}],"replies":[{"embeddable":true,"href":"https:\/\/alminutonoticia.com\/noticias\/wp-json\/wp\/v2\/comments?post=12565"}],"version-history":[{"count":1,"href":"https:\/\/alminutonoticia.com\/noticias\/wp-json\/wp\/v2\/posts\/12565\/revisions"}],"predecessor-version":[{"id":12567,"href":"https:\/\/alminutonoticia.com\/noticias\/wp-json\/wp\/v2\/posts\/12565\/revisions\/12567"}],"wp:attachment":[{"href":"https:\/\/alminutonoticia.com\/noticias\/wp-json\/wp\/v2\/media?parent=12565"}],"wp:term":[{"taxonomy":"category","embeddable":true,"href":"https:\/\/alminutonoticia.com\/noticias\/wp-json\/wp\/v2\/categories?post=12565"},{"taxonomy":"post_tag","embeddable":true,"href":"https:\/\/alminutonoticia.com\/noticias\/wp-json\/wp\/v2\/tags?post=12565"}],"curies":[{"name":"wp","href":"https:\/\/api.w.org\/{rel}","templated":true}]}}