{"id":12540,"date":"2024-08-21T02:23:03","date_gmt":"2024-08-21T02:23:03","guid":{"rendered":"https:\/\/alminutonoticia.com\/noticias\/?p=12540"},"modified":"2024-08-21T02:23:05","modified_gmt":"2024-08-21T02:23:05","slug":"retienen-en-darien-a-migrante-con-nexos-terroristas","status":"publish","type":"post","link":"https:\/\/alminutonoticia.com\/noticias\/retienen-en-darien-a-migrante-con-nexos-terroristas\/","title":{"rendered":"Retienen en Dari\u00e9n a migrante con nexos terroristas"},"content":{"rendered":"\n<p>Inspectores y supervisores del Servicio Nacional de Migraci\u00f3n (SNM), y del Servicio Nacional de Fronteras (SENAFRONT), retienen en la Estaci\u00f3n Temporal Migratoria, de Lajas Blancas Dari\u00e9n, a un extranjero vinculado con el terrorismo.<\/p>\n\n\n\n<p>El ciudadano de origen colombiano, de 35 a\u00f1os de edad, fue captado en la tarde de \u00e9ste s\u00e1bado 17 de agosto y trasladado hasta el Centro de Detenci\u00f3n Administrativo Masculino, para realizar los tr\u00e1mites correspondientes.<\/p>\n\n\n\n<figure class=\"wp-block-image size-full\"><a href=\"https:\/\/alminutonoticia.com\/noticias\/wp-content\/uploads\/2024\/08\/19-de-agosto-para-web-foto-correcta-1140x445-1-770x445-1.jpg\"><img fetchpriority=\"high\" decoding=\"async\" width=\"770\" height=\"445\" src=\"https:\/\/alminutonoticia.com\/noticias\/wp-content\/uploads\/2024\/08\/19-de-agosto-para-web-foto-correcta-1140x445-1-770x445-1.jpg\" alt=\"\" class=\"wp-image-12541\" title=\"\" srcset=\"https:\/\/alminutonoticia.com\/noticias\/wp-content\/uploads\/2024\/08\/19-de-agosto-para-web-foto-correcta-1140x445-1-770x445-1.jpg 770w, https:\/\/alminutonoticia.com\/noticias\/wp-content\/uploads\/2024\/08\/19-de-agosto-para-web-foto-correcta-1140x445-1-770x445-1-300x173.jpg 300w, https:\/\/alminutonoticia.com\/noticias\/wp-content\/uploads\/2024\/08\/19-de-agosto-para-web-foto-correcta-1140x445-1-770x445-1-768x444.jpg 768w\" sizes=\"(max-width: 770px) 100vw, 770px\" \/><\/a><\/figure>\n","protected":false},"excerpt":{"rendered":"<p>Inspectores y supervisores del Servicio Nacional de Migraci\u00f3n (SNM), y del Servicio Nacional de Fronteras (SENAFRONT), retienen en la Estaci\u00f3n Temporal Migratoria, de Lajas Blancas Dari\u00e9n, a un extranjero vinculado con el terrorismo. El ciudadano de origen colombiano, de 35 a\u00f1os de edad, fue captado en la tarde de \u00e9ste s\u00e1bado 17 de agosto y [&hellip;]<\/p>\n","protected":false},"author":3,"featured_media":12541,"comment_status":"open","ping_status":"open","sticky":false,"template":"","format":"standard","meta":{"footnotes":""},"categories":[36,39],"tags":[],"class_list":["post-12540","post","type-post","status-publish","format-standard","has-post-thumbnail","hentry","category-nacionales","category-internacionales"],"_links":{"self":[{"href":"https:\/\/alminutonoticia.com\/noticias\/wp-json\/wp\/v2\/posts\/12540","targetHints":{"allow":["GET"]}}],"collection":[{"href":"https:\/\/alminutonoticia.com\/noticias\/wp-json\/wp\/v2\/posts"}],"about":[{"href":"https:\/\/alminutonoticia.com\/noticias\/wp-json\/wp\/v2\/types\/post"}],"author":[{"embeddable":true,"href":"https:\/\/alminutonoticia.com\/noticias\/wp-json\/wp\/v2\/users\/3"}],"replies":[{"embeddable":true,"href":"https:\/\/alminutonoticia.com\/noticias\/wp-json\/wp\/v2\/comments?post=12540"}],"version-history":[{"count":1,"href":"https:\/\/alminutonoticia.com\/noticias\/wp-json\/wp\/v2\/posts\/12540\/revisions"}],"predecessor-version":[{"id":12542,"href":"https:\/\/alminutonoticia.com\/noticias\/wp-json\/wp\/v2\/posts\/12540\/revisions\/12542"}],"wp:featuredmedia":[{"embeddable":true,"href":"https:\/\/alminutonoticia.com\/noticias\/wp-json\/wp\/v2\/media\/12541"}],"wp:attachment":[{"href":"https:\/\/alminutonoticia.com\/noticias\/wp-json\/wp\/v2\/media?parent=12540"}],"wp:term":[{"taxonomy":"category","embeddable":true,"href":"https:\/\/alminutonoticia.com\/noticias\/wp-json\/wp\/v2\/categories?post=12540"},{"taxonomy":"post_tag","embeddable":true,"href":"https:\/\/alminutonoticia.com\/noticias\/wp-json\/wp\/v2\/tags?post=12540"}],"curies":[{"name":"wp","href":"https:\/\/api.w.org\/{rel}","templated":true}]}}