{"id":12532,"date":"2024-08-14T08:42:11","date_gmt":"2024-08-14T08:42:11","guid":{"rendered":"https:\/\/alminutonoticia.com\/noticias\/?p=12532"},"modified":"2024-08-14T08:42:14","modified_gmt":"2024-08-14T08:42:14","slug":"meduca-le-advierte-a-exfuncionarios-del-gobierno-de-nito-que-devuelvan-los-celulares-sino-publicaran-sus-nombres","status":"publish","type":"post","link":"https:\/\/alminutonoticia.com\/noticias\/meduca-le-advierte-a-exfuncionarios-del-gobierno-de-nito-que-devuelvan-los-celulares-sino-publicaran-sus-nombres\/","title":{"rendered":"Meduca le advierte a exfuncionarios del gobierno de \u2018Nito\u2019 que devuelvan los celulares, sino publicar\u00e1n sus nombres"},"content":{"rendered":"\n<p>Otra \u00abgallada\u00bb de algunos exfuncionarios del pasado gobierno.<\/p>\n\n\n\n<p>El Ministerio de Educaci\u00f3n (Meduca) mediante un comunicado solicit\u00f3 a los Directores y Subdirectores Nacionales y Directores Regionales del periodo gubernamental 2019-2014 devuelvan los celulares.<\/p>\n\n\n\n<p>Hasta el momento es una cantidad m\u00ednima de exfuncionarios los que han devuelto dichos equipos, afirma el Meduca.<\/p>\n\n\n\n<p>Se les solicita que entreguen los celulares a la mayor brevedad posible en la Direcci\u00f3n Nacional de Administraci\u00f3n del Meduca, ubicada en la sede principal de C\u00e1rdenas.<\/p>\n\n\n\n<p>Dejan claro que si no lo entregan en un plazo de cinco d\u00edas h\u00e1biles, publicar\u00e1n los nombres de los exfuncionarios, \u00absin perjuicio de las posibles acciones legales que pueda acarrear el incumplimiento de lo indicado en la ley\u00bb.<\/p>\n\n\n\n<figure class=\"wp-block-image size-full\"><a href=\"https:\/\/alminutonoticia.com\/noticias\/wp-content\/uploads\/2024\/08\/meduca-s.jpeg\"><img fetchpriority=\"high\" decoding=\"async\" width=\"750\" height=\"470\" src=\"https:\/\/alminutonoticia.com\/noticias\/wp-content\/uploads\/2024\/08\/meduca-s.jpeg\" alt=\"\" class=\"wp-image-12534\" title=\"\" srcset=\"https:\/\/alminutonoticia.com\/noticias\/wp-content\/uploads\/2024\/08\/meduca-s.jpeg 750w, https:\/\/alminutonoticia.com\/noticias\/wp-content\/uploads\/2024\/08\/meduca-s-300x188.jpeg 300w\" sizes=\"(max-width: 750px) 100vw, 750px\" \/><\/a><\/figure>\n\n\n\n<figure class=\"wp-block-image size-full\"><a href=\"https:\/\/alminutonoticia.com\/noticias\/wp-content\/uploads\/2024\/08\/GU5k1SiWwAAT8MA-1-1024x1024-1.jpeg\"><img decoding=\"async\" width=\"1024\" height=\"1024\" src=\"https:\/\/alminutonoticia.com\/noticias\/wp-content\/uploads\/2024\/08\/GU5k1SiWwAAT8MA-1-1024x1024-1.jpeg\" alt=\"\" class=\"wp-image-12533\" title=\"\" srcset=\"https:\/\/alminutonoticia.com\/noticias\/wp-content\/uploads\/2024\/08\/GU5k1SiWwAAT8MA-1-1024x1024-1.jpeg 1024w, https:\/\/alminutonoticia.com\/noticias\/wp-content\/uploads\/2024\/08\/GU5k1SiWwAAT8MA-1-1024x1024-1-300x300.jpeg 300w, https:\/\/alminutonoticia.com\/noticias\/wp-content\/uploads\/2024\/08\/GU5k1SiWwAAT8MA-1-1024x1024-1-150x150.jpeg 150w, https:\/\/alminutonoticia.com\/noticias\/wp-content\/uploads\/2024\/08\/GU5k1SiWwAAT8MA-1-1024x1024-1-768x768.jpeg 768w\" sizes=\"(max-width: 1024px) 100vw, 1024px\" \/><\/a><\/figure>\n","protected":false},"excerpt":{"rendered":"<p>Otra \u00abgallada\u00bb de algunos exfuncionarios del pasado gobierno. El Ministerio de Educaci\u00f3n (Meduca) mediante un comunicado solicit\u00f3 a los Directores y Subdirectores Nacionales y Directores Regionales del periodo gubernamental 2019-2014 devuelvan los celulares. Hasta el momento es una cantidad m\u00ednima de exfuncionarios los que han devuelto dichos equipos, afirma el Meduca. Se les solicita que [&hellip;]<\/p>\n","protected":false},"author":3,"featured_media":12534,"comment_status":"open","ping_status":"open","sticky":false,"template":"","format":"standard","meta":{"footnotes":""},"categories":[36],"tags":[],"class_list":["post-12532","post","type-post","status-publish","format-standard","has-post-thumbnail","hentry","category-nacionales"],"_links":{"self":[{"href":"https:\/\/alminutonoticia.com\/noticias\/wp-json\/wp\/v2\/posts\/12532","targetHints":{"allow":["GET"]}}],"collection":[{"href":"https:\/\/alminutonoticia.com\/noticias\/wp-json\/wp\/v2\/posts"}],"about":[{"href":"https:\/\/alminutonoticia.com\/noticias\/wp-json\/wp\/v2\/types\/post"}],"author":[{"embeddable":true,"href":"https:\/\/alminutonoticia.com\/noticias\/wp-json\/wp\/v2\/users\/3"}],"replies":[{"embeddable":true,"href":"https:\/\/alminutonoticia.com\/noticias\/wp-json\/wp\/v2\/comments?post=12532"}],"version-history":[{"count":1,"href":"https:\/\/alminutonoticia.com\/noticias\/wp-json\/wp\/v2\/posts\/12532\/revisions"}],"predecessor-version":[{"id":12535,"href":"https:\/\/alminutonoticia.com\/noticias\/wp-json\/wp\/v2\/posts\/12532\/revisions\/12535"}],"wp:featuredmedia":[{"embeddable":true,"href":"https:\/\/alminutonoticia.com\/noticias\/wp-json\/wp\/v2\/media\/12534"}],"wp:attachment":[{"href":"https:\/\/alminutonoticia.com\/noticias\/wp-json\/wp\/v2\/media?parent=12532"}],"wp:term":[{"taxonomy":"category","embeddable":true,"href":"https:\/\/alminutonoticia.com\/noticias\/wp-json\/wp\/v2\/categories?post=12532"},{"taxonomy":"post_tag","embeddable":true,"href":"https:\/\/alminutonoticia.com\/noticias\/wp-json\/wp\/v2\/tags?post=12532"}],"curies":[{"name":"wp","href":"https:\/\/api.w.org\/{rel}","templated":true}]}}