{"id":12527,"date":"2024-08-14T08:39:23","date_gmt":"2024-08-14T08:39:23","guid":{"rendered":"https:\/\/alminutonoticia.com\/noticias\/?p=12527"},"modified":"2024-08-14T08:39:27","modified_gmt":"2024-08-14T08:39:27","slug":"atletas-olimpicos-reciben-reconocimiento-por-parte-de-la-asamblea-nacional","status":"publish","type":"post","link":"https:\/\/alminutonoticia.com\/noticias\/atletas-olimpicos-reciben-reconocimiento-por-parte-de-la-asamblea-nacional\/","title":{"rendered":"Atletas olimp\u00edcos reciben reconocimiento por parte de la Asamblea Nacional"},"content":{"rendered":"\n<p>Con un fuerte aplauso de entrada, la Asamblea de Panam\u00e1 recibi\u00f3 a los h\u00e9roes deportivos que participaron en los Juegos Ol\u00edmpicos de Par\u00eds 2024, con la figura de la boxeadora Atheyna Bylon, quien es la primera mujer en Panam\u00e1 y la cuarta atleta centroamericana en lograr una medalla ol\u00edmpica.<\/p>\n\n\n\n<p>Los jefes de bancada acompa\u00f1aron a la presidenta del primer \u00f3rgano del Estado, Dana Casta\u00f1eda, en el proceso de entrega de la resoluci\u00f3n en que se destaca su vida consagrada al deporte, en especial a sus disciplinas, para representar a la bandera tricolor en los distintos escenarios, nacional e internacional.<\/p>\n\n\n\n<p>La diputada Casta\u00f1eda elogi\u00f3 el gran esfuerzo de los ochos deportistas que representaron al pa\u00eds dignamente.<\/p>\n\n\n\n<p>Estuvieron presentes Arturo Deliser (atletismo), Emily Santos (nataci\u00f3n), Hilary Heron (gimnasia), kristine Jim\u00e9nez, (judo), Franklin Archibold, (ciclismo) y Atheyna Bylon, (boxeo).<\/p>\n\n\n\n<figure class=\"wp-block-image size-full\"><a href=\"https:\/\/alminutonoticia.com\/noticias\/wp-content\/uploads\/2024\/08\/atle-1.jpeg\"><img fetchpriority=\"high\" decoding=\"async\" width=\"900\" height=\"600\" src=\"https:\/\/alminutonoticia.com\/noticias\/wp-content\/uploads\/2024\/08\/atle-1.jpeg\" alt=\"\" class=\"wp-image-12528\" title=\"\" srcset=\"https:\/\/alminutonoticia.com\/noticias\/wp-content\/uploads\/2024\/08\/atle-1.jpeg 900w, https:\/\/alminutonoticia.com\/noticias\/wp-content\/uploads\/2024\/08\/atle-1-300x200.jpeg 300w, https:\/\/alminutonoticia.com\/noticias\/wp-content\/uploads\/2024\/08\/atle-1-768x512.jpeg 768w\" sizes=\"(max-width: 900px) 100vw, 900px\" \/><\/a><\/figure>\n\n\n\n<p><strong>Homenajeados reaccionan al recibimiento<\/strong><\/p>\n\n\n\n<p>Deliser agradeci\u00f3 el gesto de la Asamblea Nacional por reconocer el esfuerzo y los sacrificios de cada uno. Dijo que los impulsa a seguir prepar\u00e1ndonos de la mejor manera en el deporte.<\/p>\n\n\n\n<p>La gimnasta Heron, al evaluar su presencia en la competencia, asever\u00f3 que ir a unos Juegos Ol\u00edmpicos no es algo que sucede de la noche a la ma\u00f1ana, es un trabajo de a\u00f1os que empez\u00f3 desde los cuatros a\u00f1os de edad.<\/p>\n\n\n\n<p>Puntualiz\u00f3 la judoca Jim\u00e9nez, ante el podio del pleno, que lo importante radica en promover leyes que incentiven las disciplinas deportivas desde los centros escolares.<\/p>\n\n\n\n<p>Emily Santos, de la rama de la nataci\u00f3n, comparti\u00f3 con los parlamentarios su felicidad por los homenajes recibidos, ya que record\u00f3 que salir de Panam\u00e1 y dejar la familia es siempre duro.<\/p>\n\n\n\n<p>En tanto, la medallista de plata, en los 75 kilogramos, Atheyna Bylon, resumi\u00f3 que urge apoyo a los atletas, crecer en las infraestructuras y la necesidad de contar con un r\u00e9gimen social que garantice una jubilaci\u00f3n digna en el deporte.<\/p>\n\n\n\n<figure class=\"wp-block-image size-full\"><a href=\"https:\/\/alminutonoticia.com\/noticias\/wp-content\/uploads\/2024\/08\/at.jpeg\"><img decoding=\"async\" width=\"900\" height=\"600\" src=\"https:\/\/alminutonoticia.com\/noticias\/wp-content\/uploads\/2024\/08\/at.jpeg\" alt=\"\" class=\"wp-image-12529\" title=\"\" srcset=\"https:\/\/alminutonoticia.com\/noticias\/wp-content\/uploads\/2024\/08\/at.jpeg 900w, https:\/\/alminutonoticia.com\/noticias\/wp-content\/uploads\/2024\/08\/at-300x200.jpeg 300w, https:\/\/alminutonoticia.com\/noticias\/wp-content\/uploads\/2024\/08\/at-768x512.jpeg 768w\" sizes=\"(max-width: 900px) 100vw, 900px\" \/><\/a><\/figure>\n\n\n\n<p>Bylon, escribi\u00f3 su propia leyenda en la historia del deporte paname\u00f1o y centroamericano uni\u00e9ndose a las costarricenses Sylvia y Claudia Poll, as\u00ed como a la guatemalteca Adriana Ruano como las \u00fanicas mujeres de la regi\u00f3n en subir al podio ol\u00edmpico. Adem\u00e1s, de ser la primera en el \u00e1rea de ganar una medalla, en estas competencias, en el deporte del boxeo.<\/p>\n\n\n\n<p>Los atletas que no estuvieron presente en este homenaje al m\u00e9rito fueron Gianna Woodruff, (atletismo) y Tyler Christianson, (nataci\u00f3n). Ambos se encuentran estudiando en los Estados Unidos.<\/p>\n\n\n\n<p>Previamente al acto de reconocimiento, los deportistas ol\u00edmpicos disfrutaron de un pasaje documental, en el hemiciclo legislativo, que recogi\u00f3 todos los momentos vividos por estos paname\u00f1os en Par\u00eds.<\/p>\n\n\n\n<figure class=\"wp-block-image size-full\"><a href=\"https:\/\/alminutonoticia.com\/noticias\/wp-content\/uploads\/2024\/08\/atletitas-770x470-1.jpeg\"><img decoding=\"async\" width=\"770\" height=\"470\" src=\"https:\/\/alminutonoticia.com\/noticias\/wp-content\/uploads\/2024\/08\/atletitas-770x470-1.jpeg\" alt=\"\" class=\"wp-image-12530\" title=\"\" srcset=\"https:\/\/alminutonoticia.com\/noticias\/wp-content\/uploads\/2024\/08\/atletitas-770x470-1.jpeg 770w, https:\/\/alminutonoticia.com\/noticias\/wp-content\/uploads\/2024\/08\/atletitas-770x470-1-300x183.jpeg 300w, https:\/\/alminutonoticia.com\/noticias\/wp-content\/uploads\/2024\/08\/atletitas-770x470-1-768x469.jpeg 768w\" sizes=\"(max-width: 770px) 100vw, 770px\" \/><\/a><\/figure>\n","protected":false},"excerpt":{"rendered":"<p>Con un fuerte aplauso de entrada, la Asamblea de Panam\u00e1 recibi\u00f3 a los h\u00e9roes deportivos que participaron en los Juegos Ol\u00edmpicos de Par\u00eds 2024, con la figura de la boxeadora Atheyna Bylon, quien es la primera mujer en Panam\u00e1 y la cuarta atleta centroamericana en lograr una medalla ol\u00edmpica. Los jefes de bancada acompa\u00f1aron a [&hellip;]<\/p>\n","protected":false},"author":3,"featured_media":12530,"comment_status":"open","ping_status":"open","sticky":false,"template":"","format":"standard","meta":{"footnotes":""},"categories":[36,40],"tags":[],"class_list":["post-12527","post","type-post","status-publish","format-standard","has-post-thumbnail","hentry","category-nacionales","category-deportes"],"_links":{"self":[{"href":"https:\/\/alminutonoticia.com\/noticias\/wp-json\/wp\/v2\/posts\/12527","targetHints":{"allow":["GET"]}}],"collection":[{"href":"https:\/\/alminutonoticia.com\/noticias\/wp-json\/wp\/v2\/posts"}],"about":[{"href":"https:\/\/alminutonoticia.com\/noticias\/wp-json\/wp\/v2\/types\/post"}],"author":[{"embeddable":true,"href":"https:\/\/alminutonoticia.com\/noticias\/wp-json\/wp\/v2\/users\/3"}],"replies":[{"embeddable":true,"href":"https:\/\/alminutonoticia.com\/noticias\/wp-json\/wp\/v2\/comments?post=12527"}],"version-history":[{"count":1,"href":"https:\/\/alminutonoticia.com\/noticias\/wp-json\/wp\/v2\/posts\/12527\/revisions"}],"predecessor-version":[{"id":12531,"href":"https:\/\/alminutonoticia.com\/noticias\/wp-json\/wp\/v2\/posts\/12527\/revisions\/12531"}],"wp:featuredmedia":[{"embeddable":true,"href":"https:\/\/alminutonoticia.com\/noticias\/wp-json\/wp\/v2\/media\/12530"}],"wp:attachment":[{"href":"https:\/\/alminutonoticia.com\/noticias\/wp-json\/wp\/v2\/media?parent=12527"}],"wp:term":[{"taxonomy":"category","embeddable":true,"href":"https:\/\/alminutonoticia.com\/noticias\/wp-json\/wp\/v2\/categories?post=12527"},{"taxonomy":"post_tag","embeddable":true,"href":"https:\/\/alminutonoticia.com\/noticias\/wp-json\/wp\/v2\/tags?post=12527"}],"curies":[{"name":"wp","href":"https:\/\/api.w.org\/{rel}","templated":true}]}}