{"id":12517,"date":"2024-08-14T08:32:55","date_gmt":"2024-08-14T08:32:55","guid":{"rendered":"https:\/\/alminutonoticia.com\/noticias\/?p=12517"},"modified":"2024-08-14T08:33:03","modified_gmt":"2024-08-14T08:33:03","slug":"preocupacion-por-ninos-migrantes-abandonados-en-la-selva-de-darien","status":"publish","type":"post","link":"https:\/\/alminutonoticia.com\/noticias\/preocupacion-por-ninos-migrantes-abandonados-en-la-selva-de-darien\/","title":{"rendered":"Preocupaci\u00f3n por ni\u00f1os migrantes abandonados en la selva de Dari\u00e9n"},"content":{"rendered":"\n<p>El ministro de Seguridad P\u00fablica, Frank Alexis \u00c1brego, expres\u00f3 a representantes de Unicef su preocupaci\u00f3n por los ni\u00f1os migrantes que est\u00e1n en los albergues y que llegaron solos a Panam\u00e1, despu\u00e9s de atravesar la peligrosa selva de Dari\u00e9n.<\/p>\n\n\n\n<p>\u201cEstoy preocupado por el estado de esos ni\u00f1os y adolescentes. Debemos dar una respuesta a este problema\u201d, dijo el ministro \u00c1brego a Sandie Blanchet, representante de Unicef en Panam\u00e1, al representante adjunto Vicente Ter\u00e1n y a la especialista en emergencias de Unicef, Diana Romero.<\/p>\n\n\n\n<p>\u201cEstamos felices de escuchar el inter\u00e9s que tiene usted, ministro \u00c1brego, de escuchar los problemas que enfrentan estos ni\u00f1os, ni\u00f1as y adolescentes. Lo m\u00e1s importante es ayudar a buscar una respuesta efectiva para ellos\u201d, indic\u00f3 Blanchet durante la reuni\u00f3n de trabajo.<\/p>\n\n\n\n<p>Sobre la situaci\u00f3n actual de movilidad humana en Dari\u00e9n, un informe de Unicef da cuenta, que un total de 211 mil 818 ni\u00f1os, ni\u00f1as y adolescentes transitaron por Dari\u00e9n entre 2021 \u2013 2023.<\/p>\n\n\n\n<p>M\u00e1s de 3 mil 300 ni\u00f1os\/as y adolescentes viajaron solos (no acompa\u00f1ados o separados) en 2023; mientras que en lo que va de este a\u00f1o, la cifra supera las 2 mil 400 personas.<\/p>\n\n\n\n<p>Desde 2021 se registran casos de sobrevivientes de violencia sexual durante el tr\u00e1nsito por la selva de Dari\u00e9n, que incluye menores de 18 a\u00f1os de edad.<\/p>\n\n\n\n<p>En la reuni\u00f3n tambi\u00e9n estuvieron el viceministro de Seguridad P\u00fablica, Luis Felipe Icaza; el secretario general Juan Carlos Rodr\u00edguez, el ejecutivo de Inspector\u00eda, V\u00edctor Corrales Zanetti y el inspector general Carlos Rodr\u00edguez.<\/p>\n\n\n\n<figure class=\"wp-block-image size-full\"><a href=\"https:\/\/alminutonoticia.com\/noticias\/wp-content\/uploads\/2024\/08\/bebe-770x470-1.jpeg\"><img fetchpriority=\"high\" decoding=\"async\" width=\"770\" height=\"470\" src=\"https:\/\/alminutonoticia.com\/noticias\/wp-content\/uploads\/2024\/08\/bebe-770x470-1.jpeg\" alt=\"\" class=\"wp-image-12518\" title=\"\" srcset=\"https:\/\/alminutonoticia.com\/noticias\/wp-content\/uploads\/2024\/08\/bebe-770x470-1.jpeg 770w, https:\/\/alminutonoticia.com\/noticias\/wp-content\/uploads\/2024\/08\/bebe-770x470-1-300x183.jpeg 300w, https:\/\/alminutonoticia.com\/noticias\/wp-content\/uploads\/2024\/08\/bebe-770x470-1-768x469.jpeg 768w\" sizes=\"(max-width: 770px) 100vw, 770px\" \/><\/a><\/figure>\n","protected":false},"excerpt":{"rendered":"<p>El ministro de Seguridad P\u00fablica, Frank Alexis \u00c1brego, expres\u00f3 a representantes de Unicef su preocupaci\u00f3n por los ni\u00f1os migrantes que est\u00e1n en los albergues y que llegaron solos a Panam\u00e1, despu\u00e9s de atravesar la peligrosa selva de Dari\u00e9n. \u201cEstoy preocupado por el estado de esos ni\u00f1os y adolescentes. Debemos dar una respuesta a este problema\u201d, [&hellip;]<\/p>\n","protected":false},"author":3,"featured_media":12518,"comment_status":"open","ping_status":"open","sticky":false,"template":"","format":"standard","meta":{"footnotes":""},"categories":[36,39],"tags":[],"class_list":["post-12517","post","type-post","status-publish","format-standard","has-post-thumbnail","hentry","category-nacionales","category-internacionales"],"_links":{"self":[{"href":"https:\/\/alminutonoticia.com\/noticias\/wp-json\/wp\/v2\/posts\/12517","targetHints":{"allow":["GET"]}}],"collection":[{"href":"https:\/\/alminutonoticia.com\/noticias\/wp-json\/wp\/v2\/posts"}],"about":[{"href":"https:\/\/alminutonoticia.com\/noticias\/wp-json\/wp\/v2\/types\/post"}],"author":[{"embeddable":true,"href":"https:\/\/alminutonoticia.com\/noticias\/wp-json\/wp\/v2\/users\/3"}],"replies":[{"embeddable":true,"href":"https:\/\/alminutonoticia.com\/noticias\/wp-json\/wp\/v2\/comments?post=12517"}],"version-history":[{"count":1,"href":"https:\/\/alminutonoticia.com\/noticias\/wp-json\/wp\/v2\/posts\/12517\/revisions"}],"predecessor-version":[{"id":12519,"href":"https:\/\/alminutonoticia.com\/noticias\/wp-json\/wp\/v2\/posts\/12517\/revisions\/12519"}],"wp:featuredmedia":[{"embeddable":true,"href":"https:\/\/alminutonoticia.com\/noticias\/wp-json\/wp\/v2\/media\/12518"}],"wp:attachment":[{"href":"https:\/\/alminutonoticia.com\/noticias\/wp-json\/wp\/v2\/media?parent=12517"}],"wp:term":[{"taxonomy":"category","embeddable":true,"href":"https:\/\/alminutonoticia.com\/noticias\/wp-json\/wp\/v2\/categories?post=12517"},{"taxonomy":"post_tag","embeddable":true,"href":"https:\/\/alminutonoticia.com\/noticias\/wp-json\/wp\/v2\/tags?post=12517"}],"curies":[{"name":"wp","href":"https:\/\/api.w.org\/{rel}","templated":true}]}}