{"id":12504,"date":"2024-08-14T08:26:53","date_gmt":"2024-08-14T08:26:53","guid":{"rendered":"https:\/\/alminutonoticia.com\/noticias\/?p=12504"},"modified":"2024-08-14T08:26:55","modified_gmt":"2024-08-14T08:26:55","slug":"policia-aprehende-a-angelito-peru-uno-de-los-mas-buscados-por-homicidio","status":"publish","type":"post","link":"https:\/\/alminutonoticia.com\/noticias\/policia-aprehende-a-angelito-peru-uno-de-los-mas-buscados-por-homicidio\/","title":{"rendered":"Polic\u00eda aprehende a Angelito Per\u00fa, uno de los m\u00e1s buscados por homicidio"},"content":{"rendered":"\n<p>Tras una diligencia de allanamiento y registro en el sector de Parque Alicante en el corregimiento de Las Ma\u00f1anitas, unidades policiales en coordinaci\u00f3n con el Ministerio P\u00fablico aprehenden a Carlos Rojas alias Angelito Per\u00fa, uno de los m\u00e1s buscados por el delito Delito Contra la Vida y la Integridad Personal en la modalidad de Homicidio Doloso Agravado, hecho ocurrido el 21 de diciembre de 2022.<\/p>\n\n\n\n<p>Rojas tambi\u00e9n es requerido por los delitos Contra la Seguridad Colectiva y Delitos Relacionados con Drogas.<\/p>\n\n\n\n<p>Al momento de su aprehensi\u00f3n se manten\u00eda en una residencia, indic\u00f3 el subcomisionado Wilfredo Mart\u00ednez, jefe de la Zona Policial de Don Bosco.<\/p>\n\n\n\n<p>Esta persona ser\u00e1 puesta a \u00f3rdenes de las autoridades correspondientes.<\/p>\n\n\n\n<figure class=\"wp-block-image size-full\"><a href=\"https:\/\/alminutonoticia.com\/noticias\/wp-content\/uploads\/2024\/08\/capturados-770x470-1.jpg\"><img fetchpriority=\"high\" decoding=\"async\" width=\"770\" height=\"470\" src=\"https:\/\/alminutonoticia.com\/noticias\/wp-content\/uploads\/2024\/08\/capturados-770x470-1.jpg\" alt=\"\" class=\"wp-image-12505\" title=\"\" srcset=\"https:\/\/alminutonoticia.com\/noticias\/wp-content\/uploads\/2024\/08\/capturados-770x470-1.jpg 770w, https:\/\/alminutonoticia.com\/noticias\/wp-content\/uploads\/2024\/08\/capturados-770x470-1-300x183.jpg 300w, https:\/\/alminutonoticia.com\/noticias\/wp-content\/uploads\/2024\/08\/capturados-770x470-1-768x469.jpg 768w\" sizes=\"(max-width: 770px) 100vw, 770px\" \/><\/a><\/figure>\n","protected":false},"excerpt":{"rendered":"<p>Tras una diligencia de allanamiento y registro en el sector de Parque Alicante en el corregimiento de Las Ma\u00f1anitas, unidades policiales en coordinaci\u00f3n con el Ministerio P\u00fablico aprehenden a Carlos Rojas alias Angelito Per\u00fa, uno de los m\u00e1s buscados por el delito Delito Contra la Vida y la Integridad Personal en la modalidad de Homicidio [&hellip;]<\/p>\n","protected":false},"author":3,"featured_media":12505,"comment_status":"open","ping_status":"open","sticky":false,"template":"","format":"standard","meta":{"footnotes":""},"categories":[36],"tags":[],"class_list":["post-12504","post","type-post","status-publish","format-standard","has-post-thumbnail","hentry","category-nacionales"],"_links":{"self":[{"href":"https:\/\/alminutonoticia.com\/noticias\/wp-json\/wp\/v2\/posts\/12504","targetHints":{"allow":["GET"]}}],"collection":[{"href":"https:\/\/alminutonoticia.com\/noticias\/wp-json\/wp\/v2\/posts"}],"about":[{"href":"https:\/\/alminutonoticia.com\/noticias\/wp-json\/wp\/v2\/types\/post"}],"author":[{"embeddable":true,"href":"https:\/\/alminutonoticia.com\/noticias\/wp-json\/wp\/v2\/users\/3"}],"replies":[{"embeddable":true,"href":"https:\/\/alminutonoticia.com\/noticias\/wp-json\/wp\/v2\/comments?post=12504"}],"version-history":[{"count":1,"href":"https:\/\/alminutonoticia.com\/noticias\/wp-json\/wp\/v2\/posts\/12504\/revisions"}],"predecessor-version":[{"id":12506,"href":"https:\/\/alminutonoticia.com\/noticias\/wp-json\/wp\/v2\/posts\/12504\/revisions\/12506"}],"wp:featuredmedia":[{"embeddable":true,"href":"https:\/\/alminutonoticia.com\/noticias\/wp-json\/wp\/v2\/media\/12505"}],"wp:attachment":[{"href":"https:\/\/alminutonoticia.com\/noticias\/wp-json\/wp\/v2\/media?parent=12504"}],"wp:term":[{"taxonomy":"category","embeddable":true,"href":"https:\/\/alminutonoticia.com\/noticias\/wp-json\/wp\/v2\/categories?post=12504"},{"taxonomy":"post_tag","embeddable":true,"href":"https:\/\/alminutonoticia.com\/noticias\/wp-json\/wp\/v2\/tags?post=12504"}],"curies":[{"name":"wp","href":"https:\/\/api.w.org\/{rel}","templated":true}]}}