{"id":12501,"date":"2024-08-14T08:25:50","date_gmt":"2024-08-14T08:25:50","guid":{"rendered":"https:\/\/alminutonoticia.com\/noticias\/?p=12501"},"modified":"2024-08-14T08:25:53","modified_gmt":"2024-08-14T08:25:53","slug":"primera-dama-realiza-su-primera-gira-de-trabajo-internacional-a-colombia","status":"publish","type":"post","link":"https:\/\/alminutonoticia.com\/noticias\/primera-dama-realiza-su-primera-gira-de-trabajo-internacional-a-colombia\/","title":{"rendered":"Primera Dama realiza su primera gira de trabajo internacional a Colombia"},"content":{"rendered":"\n<p>La primera dama de Panam\u00e1, Maricel Cohen de Mulino, en compa\u00f1\u00eda de la Ministra de Gobierno, Dinoska Montalvo, inici\u00f3 ayer, lunes 12 de agosto de 2024 su primera gira de trabajo internacional hacia Colombia. Este viaje tiene como principal objetivo el estudio y la observaci\u00f3n de programas de resocializaci\u00f3n en centros femeninos y fundaciones.<\/p>\n\n\n\n<p>Cohen de Mulino se reunir\u00e1 con Johanna Bahamon, directora de la Fundaci\u00f3n Acci\u00f3n Interna. Esta organizaci\u00f3n colombiana se enfoca en mejorar la calidad de vida de la poblaci\u00f3n carcelaria y pospenada mediante la sensibilizaci\u00f3n, el crecimiento interno, la formaci\u00f3n y la productividad. Su objetivo es ayudar a las mujeres a transformar sus vidas y reintegrarse con \u00e9xito en la sociedad.<\/p>\n\n\n\n<p>La Primera Dama de Panam\u00e1 realizar\u00e1 una visita a esta fundaci\u00f3n junto a su directora ejecutiva, Martha Elena Mogoll\u00f3n. La Fundaci\u00f3n Granitos de Paz se especializa en combatir la pobreza extrema a trav\u00e9s de un modelo integral de recuperaci\u00f3n familiar, brindando herramientas y oportunidades para alcanzar una vida digna y un futuro prometedor.<\/p>\n\n\n\n<p>La principal meta de esta gira es recopilar informaci\u00f3n y conocer de cerca las mejores pr\u00e1cticas en programas de rehabilitaci\u00f3n y empoderamiento social para implementar proyectos similares en Panam\u00e1.<\/p>\n\n\n\n<p>En particular, la Primera Dama busca inspirarse en estos modelos para el desarrollo de un nuevo Centro Femenino de Rehabilitaci\u00f3n en Panam\u00e1.<\/p>\n\n\n\n<p>El prop\u00f3sito es replicar estos programas en Panam\u00e1 de cara a uno de los principales proyectos que impulsar\u00e1 en su gesti\u00f3n como primera dama: la construcci\u00f3n del nuevo Centro Femenino de Rehabilitaci\u00f3n.<\/p>\n\n\n\n<p><strong>Ciudad de Bogot\u00e1<\/strong><\/p>\n\n\n\n<p>En Bogot\u00e1, Cohen de Mulino, se reunir\u00e1 con Johanna Bahamon, directora de la Fundaci\u00f3n Acci\u00f3n Interna, organizaci\u00f3n cuyo objetivo es dignificar y mejorar la calidad de vida de la poblaci\u00f3n carcelaria y pospenada de Colombia, mediante sus l\u00edneas de acci\u00f3n: sensibilizaci\u00f3n, crecimiento interno, formaci\u00f3n y productividad, ayud\u00e1ndolas a transformar sus vidas, reivindicarlas y reconciliarlas con la sociedad civil.<br>Posteriormente, la primera dama recorrer\u00e1 el Centro de Rehabilitaci\u00f3n de Mujeres El Buen Pastor junto a la directora del Instituto Nacional Penitenciario y Carcelario (INPEC), Miryam Calle.<\/p>\n\n\n\n<p><strong>Ciudad de Cartagena<\/strong><\/p>\n\n\n\n<p>En Cartagena, la primera dama visitar\u00e1 la Fundaci\u00f3n Granitos de Paz y realizar\u00e1 un recorrido junto a la directora ejecutiva, Martha Elena Mogoll\u00f3n. Esta fundaci\u00f3n se dedica a la superaci\u00f3n de la pobreza extrema cuentan con un modelo replicable de recuperaci\u00f3n integral, dise\u00f1ado para toda la familia, que ofrece herramientas y oportunidades para adquirir una vida digna y un futuro prometedor.<\/p>\n\n\n\n<figure class=\"wp-block-image size-full\"><a href=\"https:\/\/alminutonoticia.com\/noticias\/wp-content\/uploads\/2024\/08\/pdm-770x470-1.jpeg\"><img fetchpriority=\"high\" decoding=\"async\" width=\"770\" height=\"470\" src=\"https:\/\/alminutonoticia.com\/noticias\/wp-content\/uploads\/2024\/08\/pdm-770x470-1.jpeg\" alt=\"\" class=\"wp-image-12502\" title=\"\" srcset=\"https:\/\/alminutonoticia.com\/noticias\/wp-content\/uploads\/2024\/08\/pdm-770x470-1.jpeg 770w, https:\/\/alminutonoticia.com\/noticias\/wp-content\/uploads\/2024\/08\/pdm-770x470-1-300x183.jpeg 300w, https:\/\/alminutonoticia.com\/noticias\/wp-content\/uploads\/2024\/08\/pdm-770x470-1-768x469.jpeg 768w\" sizes=\"(max-width: 770px) 100vw, 770px\" \/><\/a><\/figure>\n","protected":false},"excerpt":{"rendered":"<p>La primera dama de Panam\u00e1, Maricel Cohen de Mulino, en compa\u00f1\u00eda de la Ministra de Gobierno, Dinoska Montalvo, inici\u00f3 ayer, lunes 12 de agosto de 2024 su primera gira de trabajo internacional hacia Colombia. Este viaje tiene como principal objetivo el estudio y la observaci\u00f3n de programas de resocializaci\u00f3n en centros femeninos y fundaciones. Cohen [&hellip;]<\/p>\n","protected":false},"author":3,"featured_media":12502,"comment_status":"open","ping_status":"open","sticky":false,"template":"","format":"standard","meta":{"footnotes":""},"categories":[36,39],"tags":[],"class_list":["post-12501","post","type-post","status-publish","format-standard","has-post-thumbnail","hentry","category-nacionales","category-internacionales"],"_links":{"self":[{"href":"https:\/\/alminutonoticia.com\/noticias\/wp-json\/wp\/v2\/posts\/12501","targetHints":{"allow":["GET"]}}],"collection":[{"href":"https:\/\/alminutonoticia.com\/noticias\/wp-json\/wp\/v2\/posts"}],"about":[{"href":"https:\/\/alminutonoticia.com\/noticias\/wp-json\/wp\/v2\/types\/post"}],"author":[{"embeddable":true,"href":"https:\/\/alminutonoticia.com\/noticias\/wp-json\/wp\/v2\/users\/3"}],"replies":[{"embeddable":true,"href":"https:\/\/alminutonoticia.com\/noticias\/wp-json\/wp\/v2\/comments?post=12501"}],"version-history":[{"count":1,"href":"https:\/\/alminutonoticia.com\/noticias\/wp-json\/wp\/v2\/posts\/12501\/revisions"}],"predecessor-version":[{"id":12503,"href":"https:\/\/alminutonoticia.com\/noticias\/wp-json\/wp\/v2\/posts\/12501\/revisions\/12503"}],"wp:featuredmedia":[{"embeddable":true,"href":"https:\/\/alminutonoticia.com\/noticias\/wp-json\/wp\/v2\/media\/12502"}],"wp:attachment":[{"href":"https:\/\/alminutonoticia.com\/noticias\/wp-json\/wp\/v2\/media?parent=12501"}],"wp:term":[{"taxonomy":"category","embeddable":true,"href":"https:\/\/alminutonoticia.com\/noticias\/wp-json\/wp\/v2\/categories?post=12501"},{"taxonomy":"post_tag","embeddable":true,"href":"https:\/\/alminutonoticia.com\/noticias\/wp-json\/wp\/v2\/tags?post=12501"}],"curies":[{"name":"wp","href":"https:\/\/api.w.org\/{rel}","templated":true}]}}