{"id":12496,"date":"2024-08-14T08:24:23","date_gmt":"2024-08-14T08:24:23","guid":{"rendered":"https:\/\/alminutonoticia.com\/noticias\/?p=12496"},"modified":"2024-08-14T08:24:28","modified_gmt":"2024-08-14T08:24:28","slug":"atheyna-bylon-recibira-50-mil-dolares-por-parte-del-gobierno-y-los-otros-atletas-10-mil-la-ascienden-a-sargento-primero-de-la-policia-nacional","status":"publish","type":"post","link":"https:\/\/alminutonoticia.com\/noticias\/atheyna-bylon-recibira-50-mil-dolares-por-parte-del-gobierno-y-los-otros-atletas-10-mil-la-ascienden-a-sargento-primero-de-la-policia-nacional\/","title":{"rendered":"Atheyna Bylon recibir\u00e1 50 mil d\u00f3lares por parte del Gobierno y los otros atletas 10 mil\u2026 La ascienden a Sargento Primero de la Polic\u00eda Nacional"},"content":{"rendered":"\n<p>Los atletas paname\u00f1os que se fajaron en los Juegos Ol\u00edmpicos Par\u00eds 2024 ya est\u00e1n en suelo paname\u00f1o.<\/p>\n\n\n\n<p>A las 5:30 p.m. llegaron al Aeropuerto Internacional de Tocumen, luego se dirigieron a la Presidencia de la Rep\u00fablica, en donde el presidente Jos\u00e9 Ra\u00fal Mulino los recibi\u00f3 en las escalinatas.<\/p>\n\n\n\n<p>La ganadora de la medalla de plata en los 75 kg de boxeo, Atheyna Bylon encabezaba la delegaci\u00f3n que luego fue llevada al Sal\u00f3n Amarillo, en donde el Presidente dio unas palabras.<\/p>\n\n\n\n<figure class=\"wp-block-image size-full\"><a href=\"https:\/\/alminutonoticia.com\/noticias\/wp-content\/uploads\/2024\/08\/a-tres-1024x682-1.jpeg\"><img fetchpriority=\"high\" decoding=\"async\" width=\"1024\" height=\"682\" src=\"https:\/\/alminutonoticia.com\/noticias\/wp-content\/uploads\/2024\/08\/a-tres-1024x682-1.jpeg\" alt=\"\" class=\"wp-image-12497\" title=\"\" srcset=\"https:\/\/alminutonoticia.com\/noticias\/wp-content\/uploads\/2024\/08\/a-tres-1024x682-1.jpeg 1024w, https:\/\/alminutonoticia.com\/noticias\/wp-content\/uploads\/2024\/08\/a-tres-1024x682-1-300x200.jpeg 300w, https:\/\/alminutonoticia.com\/noticias\/wp-content\/uploads\/2024\/08\/a-tres-1024x682-1-768x512.jpeg 768w\" sizes=\"(max-width: 1024px) 100vw, 1024px\" \/><\/a><\/figure>\n\n\n\n<p>Adem\u00e1s de agradecer a los atletas y a su grupo de apoyo, anunci\u00f3 el ascenso de Bylon a Sargento Primero de la Polic\u00eda Nacional, tambi\u00e9n se comunic\u00f3 que se le dara 50 mil d\u00f3lares a la deportista.<\/p>\n\n\n\n<p>A los otros atletas, Arturo Deliser (atletismo), Emily Santos (nataci\u00f3n), Hillary Heron (gimnasia art\u00edstica), Kristine Jim\u00e9nez (judo), Franklin Archibold (ciclismo), Gianna Woodruff (atletismo) y Tyler Christianson (nataci\u00f3n) recibir\u00e1n 10 mil.<\/p>\n\n\n\n<p>La boxeadora e igual recibi\u00f3 un reconocimiento al m\u00e9rito deportivo.<\/p>\n\n\n\n<figure class=\"wp-block-image size-full\"><a href=\"https:\/\/alminutonoticia.com\/noticias\/wp-content\/uploads\/2024\/08\/athe-32-1024x791-1.jpeg\"><img decoding=\"async\" width=\"1024\" height=\"791\" src=\"https:\/\/alminutonoticia.com\/noticias\/wp-content\/uploads\/2024\/08\/athe-32-1024x791-1.jpeg\" alt=\"\" class=\"wp-image-12498\" title=\"\" srcset=\"https:\/\/alminutonoticia.com\/noticias\/wp-content\/uploads\/2024\/08\/athe-32-1024x791-1.jpeg 1024w, https:\/\/alminutonoticia.com\/noticias\/wp-content\/uploads\/2024\/08\/athe-32-1024x791-1-300x232.jpeg 300w, https:\/\/alminutonoticia.com\/noticias\/wp-content\/uploads\/2024\/08\/athe-32-1024x791-1-768x593.jpeg 768w\" sizes=\"(max-width: 1024px) 100vw, 1024px\" \/><\/a><\/figure>\n\n\n\n<p>Otras de las buenas noticias anunciadas es que un centro de rendimiento ubicado en la Cinta Costera llevar\u00e1 el nombre Atheyna Bylon.<\/p>\n\n\n\n<figure class=\"wp-block-image size-full\"><a href=\"https:\/\/alminutonoticia.com\/noticias\/wp-content\/uploads\/2024\/08\/panama-jjo-770x470-1.jpeg\"><img decoding=\"async\" width=\"770\" height=\"470\" src=\"https:\/\/alminutonoticia.com\/noticias\/wp-content\/uploads\/2024\/08\/panama-jjo-770x470-1.jpeg\" alt=\"\" class=\"wp-image-12499\" title=\"\" srcset=\"https:\/\/alminutonoticia.com\/noticias\/wp-content\/uploads\/2024\/08\/panama-jjo-770x470-1.jpeg 770w, https:\/\/alminutonoticia.com\/noticias\/wp-content\/uploads\/2024\/08\/panama-jjo-770x470-1-300x183.jpeg 300w, https:\/\/alminutonoticia.com\/noticias\/wp-content\/uploads\/2024\/08\/panama-jjo-770x470-1-768x469.jpeg 768w\" sizes=\"(max-width: 770px) 100vw, 770px\" \/><\/a><\/figure>\n","protected":false},"excerpt":{"rendered":"<p>Los atletas paname\u00f1os que se fajaron en los Juegos Ol\u00edmpicos Par\u00eds 2024 ya est\u00e1n en suelo paname\u00f1o. A las 5:30 p.m. llegaron al Aeropuerto Internacional de Tocumen, luego se dirigieron a la Presidencia de la Rep\u00fablica, en donde el presidente Jos\u00e9 Ra\u00fal Mulino los recibi\u00f3 en las escalinatas. La ganadora de la medalla de plata [&hellip;]<\/p>\n","protected":false},"author":3,"featured_media":12499,"comment_status":"open","ping_status":"open","sticky":false,"template":"","format":"standard","meta":{"footnotes":""},"categories":[40,36],"tags":[],"class_list":["post-12496","post","type-post","status-publish","format-standard","has-post-thumbnail","hentry","category-deportes","category-nacionales"],"_links":{"self":[{"href":"https:\/\/alminutonoticia.com\/noticias\/wp-json\/wp\/v2\/posts\/12496","targetHints":{"allow":["GET"]}}],"collection":[{"href":"https:\/\/alminutonoticia.com\/noticias\/wp-json\/wp\/v2\/posts"}],"about":[{"href":"https:\/\/alminutonoticia.com\/noticias\/wp-json\/wp\/v2\/types\/post"}],"author":[{"embeddable":true,"href":"https:\/\/alminutonoticia.com\/noticias\/wp-json\/wp\/v2\/users\/3"}],"replies":[{"embeddable":true,"href":"https:\/\/alminutonoticia.com\/noticias\/wp-json\/wp\/v2\/comments?post=12496"}],"version-history":[{"count":1,"href":"https:\/\/alminutonoticia.com\/noticias\/wp-json\/wp\/v2\/posts\/12496\/revisions"}],"predecessor-version":[{"id":12500,"href":"https:\/\/alminutonoticia.com\/noticias\/wp-json\/wp\/v2\/posts\/12496\/revisions\/12500"}],"wp:featuredmedia":[{"embeddable":true,"href":"https:\/\/alminutonoticia.com\/noticias\/wp-json\/wp\/v2\/media\/12499"}],"wp:attachment":[{"href":"https:\/\/alminutonoticia.com\/noticias\/wp-json\/wp\/v2\/media?parent=12496"}],"wp:term":[{"taxonomy":"category","embeddable":true,"href":"https:\/\/alminutonoticia.com\/noticias\/wp-json\/wp\/v2\/categories?post=12496"},{"taxonomy":"post_tag","embeddable":true,"href":"https:\/\/alminutonoticia.com\/noticias\/wp-json\/wp\/v2\/tags?post=12496"}],"curies":[{"name":"wp","href":"https:\/\/api.w.org\/{rel}","templated":true}]}}