{"id":12485,"date":"2024-08-09T11:27:34","date_gmt":"2024-08-09T11:27:34","guid":{"rendered":"https:\/\/alminutonoticia.com\/noticias\/?p=12485"},"modified":"2024-08-09T11:27:36","modified_gmt":"2024-08-09T11:27:36","slug":"partidos-politicos-acuden-a-llamado-de-mulino-para-dialogar-sobre-la-css","status":"publish","type":"post","link":"https:\/\/alminutonoticia.com\/noticias\/partidos-politicos-acuden-a-llamado-de-mulino-para-dialogar-sobre-la-css\/","title":{"rendered":"Partidos pol\u00edticos acuden a llamado de Mulino para dialogar sobre la CSS"},"content":{"rendered":"\n<p>&nbsp;Este jueves, 8 de agosto, el presidente de la Rep\u00fablica de Panam\u00e1, Jos\u00e9 Ra\u00fal Mulino, sostuvo reuni\u00f3n con representantes de partidos pol\u00edticos para analizar la situaci\u00f3n financiera de la Caja de Seguro Social (CSS).<\/p>\n\n\n\n<p>De acuerdo a los representantes de los partidos pol\u00edticos, el Gobierno Nacional que lideriza Mulino dialogo en la reuni\u00f3n sobre un proyecto de ley que ha sido confeccionado y que busca para realizar reformar a la entidad de seguridad social y dar respuesta a las exigencias de la poblaci\u00f3n paname\u00f1a en materia del futuro del IVM y de los servicios de salud.<\/p>\n\n\n\n<p>El Gobierno Nacional busca presentar el proyecto en el mes octubre a la Asamblea General para luego convocar a sesiones &nbsp;extraordinarias durante los meses de noviembre y diciembre de 2024.<\/p>\n\n\n\n<figure class=\"wp-block-image size-full\"><a href=\"https:\/\/alminutonoticia.com\/noticias\/wp-content\/uploads\/2024\/08\/WhatsApp-Image-2024-08-08-at-7.50.22-PM-1024x682-1.jpeg\"><img fetchpriority=\"high\" decoding=\"async\" width=\"1024\" height=\"682\" src=\"https:\/\/alminutonoticia.com\/noticias\/wp-content\/uploads\/2024\/08\/WhatsApp-Image-2024-08-08-at-7.50.22-PM-1024x682-1.jpeg\" alt=\"\" class=\"wp-image-12486\" title=\"\" srcset=\"https:\/\/alminutonoticia.com\/noticias\/wp-content\/uploads\/2024\/08\/WhatsApp-Image-2024-08-08-at-7.50.22-PM-1024x682-1.jpeg 1024w, https:\/\/alminutonoticia.com\/noticias\/wp-content\/uploads\/2024\/08\/WhatsApp-Image-2024-08-08-at-7.50.22-PM-1024x682-1-300x200.jpeg 300w, https:\/\/alminutonoticia.com\/noticias\/wp-content\/uploads\/2024\/08\/WhatsApp-Image-2024-08-08-at-7.50.22-PM-1024x682-1-768x512.jpeg 768w\" sizes=\"(max-width: 1024px) 100vw, 1024px\" \/><\/a><\/figure>\n\n\n\n<p>Por su parte, Ricardo Lombana, del Movimiento Otro Camino (MOCA), sostuvo que, &nbsp;\u201cen la medida en que el gobierno nacional y el pr\u00f3ximo director de la CSS le dijeran al pa\u00eds la verdad, no solo con respecto a la situaci\u00f3n financiera sino con respecto a los nudos de corrupci\u00f3n que se van encontrando y muestren la resoluci\u00f3n y determinaci\u00f3n de resolverlo esa misma medida consideramos que contar\u00edan con mucho mayor apoyo por parte de la ciudadan\u00eda. Esperaremos la entrega del documento por parte del Ejecutivo, reiterando que MOCA estar\u00e1 presente por Panam\u00e1 y los paname\u00f1os\u201d.<\/p>\n\n\n\n<p>En este sentido, Daniel Brea del Partido Popular destac\u00f3 que, \u201cEl colectivo pol\u00edtico que preside le informo al presidente Mulino que tienen especialistas en el tema del Seguro Social.&nbsp; Estamos dispuestos a colaborar en este tema y en otros que as\u00ed el pa\u00eds lo necesite. Uno de los puntos importantes que se ha tocado de la Caja de Seguro Social es poder combatir parte del problema, la corrupci\u00f3n. No solo es el problema del IVM\u201d.<\/p>\n\n\n\n<p>Mientras, Jos\u00e9 Isabel Bland\u00f3n, como presidente del Partido Paname\u00f1ista, expres\u00f3 que, &nbsp;\u201cEn nombre del partido paname\u00f1ista debo se\u00f1alar que vemos como un primer paso por parte del presidente de la Rep\u00fablica que se haya convocado a este di\u00e1logo y que se est\u00e9 expresando esa voluntad de enfrentar a la crisis que est\u00e1 viviendo la caja de seguro social, no solamente respecto al programa de invalidez, vejez y muerte sino a los servicios de salud. Creemos que a la designaci\u00f3n de Dino Mon es un buen primer paso siempre y cuando se entienda que los cambios que debe sufrir la Caja de Seguro Social no se pueden ver solamente desde los fr\u00edos n\u00fameros sino entender lo que la seguridad social significa\u201d.<\/p>\n\n\n\n<p>Entre tanto, Luis Eduardo Camacho, en representaci\u00f3n del partido Realizando Metas manifest\u00f3 que, \u201cLa asistencia de todos los partidos fue real. Todos expresaron la disposici\u00f3n que tienen por encima de las diferencias pol\u00edticas para realizar aportes para la mejor propuesta para el pa\u00eds. Todos coincidimos en que la propuesta no debe limitarse a los temas de jubilaci\u00f3n sino una ley que ataca de manera integral a la seguridad social\u201d.<\/p>\n\n\n\n<figure class=\"wp-block-image size-full\"><a href=\"https:\/\/alminutonoticia.com\/noticias\/wp-content\/uploads\/2024\/08\/WhatsApp-Image-2024-08-08-at-7.50.23-PM-1024x682-1.jpeg\"><img decoding=\"async\" width=\"1024\" height=\"682\" src=\"https:\/\/alminutonoticia.com\/noticias\/wp-content\/uploads\/2024\/08\/WhatsApp-Image-2024-08-08-at-7.50.23-PM-1024x682-1.jpeg\" alt=\"\" class=\"wp-image-12487\" title=\"\" srcset=\"https:\/\/alminutonoticia.com\/noticias\/wp-content\/uploads\/2024\/08\/WhatsApp-Image-2024-08-08-at-7.50.23-PM-1024x682-1.jpeg 1024w, https:\/\/alminutonoticia.com\/noticias\/wp-content\/uploads\/2024\/08\/WhatsApp-Image-2024-08-08-at-7.50.23-PM-1024x682-1-300x200.jpeg 300w, https:\/\/alminutonoticia.com\/noticias\/wp-content\/uploads\/2024\/08\/WhatsApp-Image-2024-08-08-at-7.50.23-PM-1024x682-1-768x512.jpeg 768w\" sizes=\"(max-width: 1024px) 100vw, 1024px\" \/><\/a><\/figure>\n","protected":false},"excerpt":{"rendered":"<p>&nbsp;Este jueves, 8 de agosto, el presidente de la Rep\u00fablica de Panam\u00e1, Jos\u00e9 Ra\u00fal Mulino, sostuvo reuni\u00f3n con representantes de partidos pol\u00edticos para analizar la situaci\u00f3n financiera de la Caja de Seguro Social (CSS). De acuerdo a los representantes de los partidos pol\u00edticos, el Gobierno Nacional que lideriza Mulino dialogo en la reuni\u00f3n sobre un [&hellip;]<\/p>\n","protected":false},"author":3,"featured_media":12487,"comment_status":"open","ping_status":"open","sticky":false,"template":"","format":"standard","meta":{"footnotes":""},"categories":[36,37],"tags":[],"class_list":["post-12485","post","type-post","status-publish","format-standard","has-post-thumbnail","hentry","category-nacionales","category-politica"],"_links":{"self":[{"href":"https:\/\/alminutonoticia.com\/noticias\/wp-json\/wp\/v2\/posts\/12485","targetHints":{"allow":["GET"]}}],"collection":[{"href":"https:\/\/alminutonoticia.com\/noticias\/wp-json\/wp\/v2\/posts"}],"about":[{"href":"https:\/\/alminutonoticia.com\/noticias\/wp-json\/wp\/v2\/types\/post"}],"author":[{"embeddable":true,"href":"https:\/\/alminutonoticia.com\/noticias\/wp-json\/wp\/v2\/users\/3"}],"replies":[{"embeddable":true,"href":"https:\/\/alminutonoticia.com\/noticias\/wp-json\/wp\/v2\/comments?post=12485"}],"version-history":[{"count":1,"href":"https:\/\/alminutonoticia.com\/noticias\/wp-json\/wp\/v2\/posts\/12485\/revisions"}],"predecessor-version":[{"id":12488,"href":"https:\/\/alminutonoticia.com\/noticias\/wp-json\/wp\/v2\/posts\/12485\/revisions\/12488"}],"wp:featuredmedia":[{"embeddable":true,"href":"https:\/\/alminutonoticia.com\/noticias\/wp-json\/wp\/v2\/media\/12487"}],"wp:attachment":[{"href":"https:\/\/alminutonoticia.com\/noticias\/wp-json\/wp\/v2\/media?parent=12485"}],"wp:term":[{"taxonomy":"category","embeddable":true,"href":"https:\/\/alminutonoticia.com\/noticias\/wp-json\/wp\/v2\/categories?post=12485"},{"taxonomy":"post_tag","embeddable":true,"href":"https:\/\/alminutonoticia.com\/noticias\/wp-json\/wp\/v2\/tags?post=12485"}],"curies":[{"name":"wp","href":"https:\/\/api.w.org\/{rel}","templated":true}]}}