{"id":12406,"date":"2024-08-07T10:38:27","date_gmt":"2024-08-07T10:38:27","guid":{"rendered":"https:\/\/alminutonoticia.com\/noticias\/?p=12406"},"modified":"2024-08-07T10:38:29","modified_gmt":"2024-08-07T10:38:29","slug":"aviso-de-vigilancia-por-oleajes-y-vientos-en-el-mar-caribe","status":"publish","type":"post","link":"https:\/\/alminutonoticia.com\/noticias\/aviso-de-vigilancia-por-oleajes-y-vientos-en-el-mar-caribe\/","title":{"rendered":"Aviso de vigilancia por oleajes y vientos en el mar Caribe"},"content":{"rendered":"\n<p>El Sistema Nacional de Protecci\u00f3n Civil (Sinaproc) comunica que se mantiene un aviso de vigilancia por oleajes y vientos en el mar Caribe entre el 6 al 8 de agosto del 2024.<\/p>\n\n\n\n<p><strong>\u00c1reas bajo aviso:<\/strong><\/p>\n\n\n\n<ul class=\"wp-block-list\">\n<li>Caribe Oriental (Costa Arriba de Col\u00f3n y comarca Guna Yala), olas con alturas de 0.8 a 1.8 m de alturas con periodos de 6 a 9 segundos.<\/li>\n\n\n\n<li>Caribe Central (Costa Abajo de Col\u00f3n y Veraguas Norte) con olas de 0.8 a 1.8 m con periodos de 6 a 9 segundos.<\/li>\n\n\n\n<li>Caribe Occidental (comarca Ng\u00e4be Bugl\u00e9 y Bocas del Toro) con olas de 1.0 a 2.0 y con periodos de 6 a 9 segundos.<\/li>\n<\/ul>\n\n\n\n<p>De acuerdo a un informe t\u00e9cnico del Instituto de Meteorolog\u00eda e Hidrolog\u00eda de Panam\u00e1 (IMHPA) se prev\u00e9 la intensificaci\u00f3n del sistema de baja presi\u00f3n sobre el Caribe paname\u00f1o, ocasionado por el paso e interacci\u00f3n de la Onda Tropical N\u00b0 23, lo que generar\u00e1 condiciones de mayor precauci\u00f3n por abundantes y fuertes tormentas, condiciones ventosas, oleajes frecuentes (mar picado) y mayor presencia de corrientes de resaca en las playas.<\/p>\n\n\n\n<p><strong>Sinaproc recomienda:<\/strong><\/p>\n\n\n\n<ul class=\"wp-block-list\">\n<li>Si se encuentra en zonas mar\u00edtimas, procure alejarse de la playa y de otros lugares bajos que puedan ser afectados por las elevadas mareas y oleajes que suelen generarse ante la intensidad de vientos fuertes.<\/li>\n\n\n\n<li>Se recomienda evitar estacionar los veh\u00edculos en zonas que puedan verse afectadas por el oleaje.<\/li>\n\n\n\n<li>La poblaci\u00f3n debe seguir las normas y medidas de seguridad que brinden los estamentos oficiales ubicados en puertos y playas.<\/li>\n<\/ul>\n\n\n\n<p>Nuestras l\u00edneas de emergencias 520-4426 \/911.<\/p>\n\n\n\n<figure class=\"wp-block-image size-full\"><a href=\"https:\/\/alminutonoticia.com\/noticias\/wp-content\/uploads\/2024\/08\/sina.jpeg\"><img fetchpriority=\"high\" decoding=\"async\" width=\"439\" height=\"246\" src=\"https:\/\/alminutonoticia.com\/noticias\/wp-content\/uploads\/2024\/08\/sina.jpeg\" alt=\"\" class=\"wp-image-12407\" title=\"\" srcset=\"https:\/\/alminutonoticia.com\/noticias\/wp-content\/uploads\/2024\/08\/sina.jpeg 439w, https:\/\/alminutonoticia.com\/noticias\/wp-content\/uploads\/2024\/08\/sina-300x168.jpeg 300w\" sizes=\"(max-width: 439px) 100vw, 439px\" \/><\/a><\/figure>\n","protected":false},"excerpt":{"rendered":"<p>El Sistema Nacional de Protecci\u00f3n Civil (Sinaproc) comunica que se mantiene un aviso de vigilancia por oleajes y vientos en el mar Caribe entre el 6 al 8 de agosto del 2024. \u00c1reas bajo aviso: De acuerdo a un informe t\u00e9cnico del Instituto de Meteorolog\u00eda e Hidrolog\u00eda de Panam\u00e1 (IMHPA) se prev\u00e9 la intensificaci\u00f3n del [&hellip;]<\/p>\n","protected":false},"author":3,"featured_media":12407,"comment_status":"open","ping_status":"open","sticky":false,"template":"","format":"standard","meta":{"footnotes":""},"categories":[36],"tags":[],"class_list":["post-12406","post","type-post","status-publish","format-standard","has-post-thumbnail","hentry","category-nacionales"],"_links":{"self":[{"href":"https:\/\/alminutonoticia.com\/noticias\/wp-json\/wp\/v2\/posts\/12406","targetHints":{"allow":["GET"]}}],"collection":[{"href":"https:\/\/alminutonoticia.com\/noticias\/wp-json\/wp\/v2\/posts"}],"about":[{"href":"https:\/\/alminutonoticia.com\/noticias\/wp-json\/wp\/v2\/types\/post"}],"author":[{"embeddable":true,"href":"https:\/\/alminutonoticia.com\/noticias\/wp-json\/wp\/v2\/users\/3"}],"replies":[{"embeddable":true,"href":"https:\/\/alminutonoticia.com\/noticias\/wp-json\/wp\/v2\/comments?post=12406"}],"version-history":[{"count":1,"href":"https:\/\/alminutonoticia.com\/noticias\/wp-json\/wp\/v2\/posts\/12406\/revisions"}],"predecessor-version":[{"id":12408,"href":"https:\/\/alminutonoticia.com\/noticias\/wp-json\/wp\/v2\/posts\/12406\/revisions\/12408"}],"wp:featuredmedia":[{"embeddable":true,"href":"https:\/\/alminutonoticia.com\/noticias\/wp-json\/wp\/v2\/media\/12407"}],"wp:attachment":[{"href":"https:\/\/alminutonoticia.com\/noticias\/wp-json\/wp\/v2\/media?parent=12406"}],"wp:term":[{"taxonomy":"category","embeddable":true,"href":"https:\/\/alminutonoticia.com\/noticias\/wp-json\/wp\/v2\/categories?post=12406"},{"taxonomy":"post_tag","embeddable":true,"href":"https:\/\/alminutonoticia.com\/noticias\/wp-json\/wp\/v2\/tags?post=12406"}],"curies":[{"name":"wp","href":"https:\/\/api.w.org\/{rel}","templated":true}]}}