{"id":12385,"date":"2024-08-07T10:21:44","date_gmt":"2024-08-07T10:21:44","guid":{"rendered":"https:\/\/alminutonoticia.com\/noticias\/?p=12385"},"modified":"2024-08-07T10:21:46","modified_gmt":"2024-08-07T10:21:46","slug":"se-acabo-el-relajo-le-caen-a-los-biencuidao","status":"publish","type":"post","link":"https:\/\/alminutonoticia.com\/noticias\/se-acabo-el-relajo-le-caen-a-los-biencuidao\/","title":{"rendered":"Se acab\u00f3 el relajo, le caen a los \u2018biencuidao\u2019"},"content":{"rendered":"\n<p>Cobrar por el uso de espacios p\u00fablicos para estacionarse, o bloquear estos sitios para luego pedir dinero por su uso, son pr\u00e1cticas prohibidas por una norma municipal.<\/p>\n\n\n\n<p>Se trata de lo que com\u00fanmente llamamos \u201cbiencuidao\u201d, y que desde 2017, a trav\u00e9s del acuerdo municipal n\u00famero 14 de ese a\u00f1o, se ha convertido en una falta administrativa.<\/p>\n\n\n\n<p>El director de vigilancia Municipal Ezequiel Carrizo, invita a la ciudadan\u00eda a denunciar esta pr\u00e1ctica, \u201chemos habilitado la l\u00ednea 512-9663, para recibir las denuncias ciudadanas\u201d que alerten sobre esta pr\u00e1ctica.<\/p>\n\n\n\n<p>En una ronda regular de vigilancia, agentes de Vigilancia Municipal fueron alertados por un ciudadano de la presencia de sujetos usurpando el uso de los espacios p\u00fablicos, para cobrar ilegalmente a las personas por estacionarse en \u00e1reas p\u00fablicas. De inmediato se detuvo a un grupo que se dedicaba a la actividad ilegal y fueron puestos a ordenes del juez de paz correspondiente.<\/p>\n\n\n\n<figure class=\"wp-block-image size-full\"><a href=\"https:\/\/alminutonoticia.com\/noticias\/wp-content\/uploads\/2024\/08\/municipio-770x470-1.jpg\"><img fetchpriority=\"high\" decoding=\"async\" width=\"770\" height=\"470\" src=\"https:\/\/alminutonoticia.com\/noticias\/wp-content\/uploads\/2024\/08\/municipio-770x470-1.jpg\" alt=\"\" class=\"wp-image-12387\" title=\"\" srcset=\"https:\/\/alminutonoticia.com\/noticias\/wp-content\/uploads\/2024\/08\/municipio-770x470-1.jpg 770w, https:\/\/alminutonoticia.com\/noticias\/wp-content\/uploads\/2024\/08\/municipio-770x470-1-300x183.jpg 300w, https:\/\/alminutonoticia.com\/noticias\/wp-content\/uploads\/2024\/08\/municipio-770x470-1-768x469.jpg 768w\" sizes=\"(max-width: 770px) 100vw, 770px\" \/><\/a><\/figure>\n\n\n\n<p><\/p>\n","protected":false},"excerpt":{"rendered":"<p>Cobrar por el uso de espacios p\u00fablicos para estacionarse, o bloquear estos sitios para luego pedir dinero por su uso, son pr\u00e1cticas prohibidas por una norma municipal. Se trata de lo que com\u00fanmente llamamos \u201cbiencuidao\u201d, y que desde 2017, a trav\u00e9s del acuerdo municipal n\u00famero 14 de ese a\u00f1o, se ha convertido en una falta [&hellip;]<\/p>\n","protected":false},"author":3,"featured_media":12388,"comment_status":"open","ping_status":"open","sticky":false,"template":"","format":"standard","meta":{"footnotes":""},"categories":[36],"tags":[],"class_list":["post-12385","post","type-post","status-publish","format-standard","has-post-thumbnail","hentry","category-nacionales"],"_links":{"self":[{"href":"https:\/\/alminutonoticia.com\/noticias\/wp-json\/wp\/v2\/posts\/12385","targetHints":{"allow":["GET"]}}],"collection":[{"href":"https:\/\/alminutonoticia.com\/noticias\/wp-json\/wp\/v2\/posts"}],"about":[{"href":"https:\/\/alminutonoticia.com\/noticias\/wp-json\/wp\/v2\/types\/post"}],"author":[{"embeddable":true,"href":"https:\/\/alminutonoticia.com\/noticias\/wp-json\/wp\/v2\/users\/3"}],"replies":[{"embeddable":true,"href":"https:\/\/alminutonoticia.com\/noticias\/wp-json\/wp\/v2\/comments?post=12385"}],"version-history":[{"count":1,"href":"https:\/\/alminutonoticia.com\/noticias\/wp-json\/wp\/v2\/posts\/12385\/revisions"}],"predecessor-version":[{"id":12389,"href":"https:\/\/alminutonoticia.com\/noticias\/wp-json\/wp\/v2\/posts\/12385\/revisions\/12389"}],"wp:featuredmedia":[{"embeddable":true,"href":"https:\/\/alminutonoticia.com\/noticias\/wp-json\/wp\/v2\/media\/12388"}],"wp:attachment":[{"href":"https:\/\/alminutonoticia.com\/noticias\/wp-json\/wp\/v2\/media?parent=12385"}],"wp:term":[{"taxonomy":"category","embeddable":true,"href":"https:\/\/alminutonoticia.com\/noticias\/wp-json\/wp\/v2\/categories?post=12385"},{"taxonomy":"post_tag","embeddable":true,"href":"https:\/\/alminutonoticia.com\/noticias\/wp-json\/wp\/v2\/tags?post=12385"}],"curies":[{"name":"wp","href":"https:\/\/api.w.org\/{rel}","templated":true}]}}