{"id":12371,"date":"2024-08-06T09:20:31","date_gmt":"2024-08-06T09:20:31","guid":{"rendered":"https:\/\/alminutonoticia.com\/noticias\/?p=12371"},"modified":"2024-08-06T09:20:33","modified_gmt":"2024-08-06T09:20:33","slug":"maruquel-castroverde-esta-al-mando-de-la-oficina-de-la-mujer-en-la-procuraduria-de-la-administracion","status":"publish","type":"post","link":"https:\/\/alminutonoticia.com\/noticias\/maruquel-castroverde-esta-al-mando-de-la-oficina-de-la-mujer-en-la-procuraduria-de-la-administracion\/","title":{"rendered":"Maruquel Castroverde est\u00e1 al mando de la Oficina de la Mujer en la Procuradur\u00eda de la Administraci\u00f3n"},"content":{"rendered":"\n<p>La especialista en Derechos Humanos, penal y procesal penal con \u00e9nfasis en delitos de violencia por motivos de g\u00e9nero, sexuales, femicidio y otras formas de discriminaci\u00f3n contra la persona, Maruquel Castroverde, fue nombrada por el procurador de la Administraci\u00f3n Rigoberto Gonz\u00e1lez, directora de la Oficina de la Mujer en esta instituci\u00f3n.<\/p>\n\n\n\n<p>Castroverde, cuenta con 30 a\u00f1os de experiencia en la Procuradur\u00eda General de la Naci\u00f3n y ha desempe\u00f1ado los cargos de Fiscal Superior Coordinadora de la Secci\u00f3n de Homicidios y Femicidios de San Miguelito, directora de la Escuela del Ministerio P\u00fablico, Secretaria de Derechos Humanos, Acceso a Justicia y G\u00e9nero, Fiscal Superior Coordinadora de la Secci\u00f3n de Asistencia a Juicio en Delitos Comunes de la Fiscal\u00eda Metropolitana, Fiscal Superior Anti-Corrupci\u00f3n, Fiscal Superior de Asuntos Civiles, Subsecretaria general, Fiscal de Circuito en la especialidad de delitos contra la libertad e integridad sexual y asistente de Fiscal.<\/p>\n\n\n\n<figure class=\"wp-block-image size-full\"><a href=\"https:\/\/alminutonoticia.com\/noticias\/wp-content\/uploads\/2024\/08\/manda-770x470-1.jpg\"><img fetchpriority=\"high\" decoding=\"async\" width=\"770\" height=\"470\" src=\"https:\/\/alminutonoticia.com\/noticias\/wp-content\/uploads\/2024\/08\/manda-770x470-1.jpg\" alt=\"\" class=\"wp-image-12372\" title=\"\" srcset=\"https:\/\/alminutonoticia.com\/noticias\/wp-content\/uploads\/2024\/08\/manda-770x470-1.jpg 770w, https:\/\/alminutonoticia.com\/noticias\/wp-content\/uploads\/2024\/08\/manda-770x470-1-300x183.jpg 300w, https:\/\/alminutonoticia.com\/noticias\/wp-content\/uploads\/2024\/08\/manda-770x470-1-768x469.jpg 768w\" sizes=\"(max-width: 770px) 100vw, 770px\" \/><\/a><\/figure>\n\n\n\n<p>Recibi\u00f3 la medalla conmemorativa de los 100 a\u00f1os del Primer Movimiento Feminista en Panam\u00e1 por su trabajo en defensa de los derechos humanos de las mujeres y ni\u00f1as v\u00edctimas de violencia; tambi\u00e9n recibi\u00f3 esta distinci\u00f3n como Mujer Destacada del A\u00f1o en 2015 por la Defensor\u00eda del Pueblo, reconociendo su labor por las personas en especial condici\u00f3n de vulnerabilidad ante las distintas formas de vulneraci\u00f3n de sus derechos humanos y en el a\u00f1o 2005, fue distinguida en el programa \u201cMujeres cambiando Panam\u00e1\u201d, de la Embajada de los Estados Unidos, por su gesti\u00f3n en la elaboraci\u00f3n de la Ley 16 de 2005 contra la explotaci\u00f3n sexual de mujeres y ni\u00f1os y su activismo por la prevalencia de los derechos humanos dentro del sistema de justicia penal.<\/p>\n\n\n\n<p>La Oficina de la Mujer de la Procuradur\u00eda de la Administraci\u00f3n, fue creada mediante Resoluci\u00f3n No. PA\/DS-066-2024 de 21 de junio de 2024, con el objetivo, entre otros, de garantizar la equidad de oportunidades de las servidoras p\u00fablica, mediante la creaci\u00f3n y desarrollo de mecanismos y procedimientos institucionales que permitan la implementaci\u00f3n de las pol\u00edticas de igualdad de g\u00e9nero y las buenas pr\u00e1cticas antidiscriminatorias con el fin de alcanzar el desarrollo integral de la mujer en su entorno laboral.<\/p>\n\n\n\n<p><\/p>\n","protected":false},"excerpt":{"rendered":"<p>La especialista en Derechos Humanos, penal y procesal penal con \u00e9nfasis en delitos de violencia por motivos de g\u00e9nero, sexuales, femicidio y otras formas de discriminaci\u00f3n contra la persona, Maruquel Castroverde, fue nombrada por el procurador de la Administraci\u00f3n Rigoberto Gonz\u00e1lez, directora de la Oficina de la Mujer en esta instituci\u00f3n. Castroverde, cuenta con 30 [&hellip;]<\/p>\n","protected":false},"author":3,"featured_media":12372,"comment_status":"open","ping_status":"open","sticky":false,"template":"","format":"standard","meta":{"footnotes":""},"categories":[36],"tags":[],"class_list":["post-12371","post","type-post","status-publish","format-standard","has-post-thumbnail","hentry","category-nacionales"],"_links":{"self":[{"href":"https:\/\/alminutonoticia.com\/noticias\/wp-json\/wp\/v2\/posts\/12371","targetHints":{"allow":["GET"]}}],"collection":[{"href":"https:\/\/alminutonoticia.com\/noticias\/wp-json\/wp\/v2\/posts"}],"about":[{"href":"https:\/\/alminutonoticia.com\/noticias\/wp-json\/wp\/v2\/types\/post"}],"author":[{"embeddable":true,"href":"https:\/\/alminutonoticia.com\/noticias\/wp-json\/wp\/v2\/users\/3"}],"replies":[{"embeddable":true,"href":"https:\/\/alminutonoticia.com\/noticias\/wp-json\/wp\/v2\/comments?post=12371"}],"version-history":[{"count":1,"href":"https:\/\/alminutonoticia.com\/noticias\/wp-json\/wp\/v2\/posts\/12371\/revisions"}],"predecessor-version":[{"id":12373,"href":"https:\/\/alminutonoticia.com\/noticias\/wp-json\/wp\/v2\/posts\/12371\/revisions\/12373"}],"wp:featuredmedia":[{"embeddable":true,"href":"https:\/\/alminutonoticia.com\/noticias\/wp-json\/wp\/v2\/media\/12372"}],"wp:attachment":[{"href":"https:\/\/alminutonoticia.com\/noticias\/wp-json\/wp\/v2\/media?parent=12371"}],"wp:term":[{"taxonomy":"category","embeddable":true,"href":"https:\/\/alminutonoticia.com\/noticias\/wp-json\/wp\/v2\/categories?post=12371"},{"taxonomy":"post_tag","embeddable":true,"href":"https:\/\/alminutonoticia.com\/noticias\/wp-json\/wp\/v2\/tags?post=12371"}],"curies":[{"name":"wp","href":"https:\/\/api.w.org\/{rel}","templated":true}]}}