{"id":12368,"date":"2024-08-06T09:18:45","date_gmt":"2024-08-06T09:18:45","guid":{"rendered":"https:\/\/alminutonoticia.com\/noticias\/?p=12368"},"modified":"2024-08-06T09:18:47","modified_gmt":"2024-08-06T09:18:47","slug":"miviot-estudia-nuevas-alternativas-para-el-fondo-solidario-de-vivienda","status":"publish","type":"post","link":"https:\/\/alminutonoticia.com\/noticias\/miviot-estudia-nuevas-alternativas-para-el-fondo-solidario-de-vivienda\/","title":{"rendered":"Miviot estudia nuevas alternativas para el Fondo Solidario de Vivienda"},"content":{"rendered":"\n<p>Los compromisos pendientes con las promotoras afiliadas al programa Fondo Solidario de Vivienda del Ministerio de Vivienda y Ordenamiento Territorial (Miviot), que estuvo vigente hasta el 30 de junio de 2024, se est\u00e1n pagando, inform\u00f3 el ministro de esta cartera, Jaime A. Jovan\u00e9 C.<\/p>\n\n\n\n<p>Jovan\u00e9 se\u00f1al\u00f3 que el Gobierno saliente dej\u00f3 transferencias especiales para hacerle frente a las deudas de este programa y ya se han hecho desembolsos importantes para atender las responsabilidades atrasadas de 2021, 2022, 2023 y todo el presente a\u00f1o.<\/p>\n\n\n\n<p>Revel\u00f3 que se ha avanzado con dos desembolsos de 19 y 29 millones de balboas respectivamente, para cubrir hasta 2023 y se tiene en proceso los dos primeros meses de 2024.<\/p>\n\n\n\n<p>El titular de Vivienda manifest\u00f3 que el problema del Fondo Solidario de Vivienda es que no ten\u00eda presupuesto y a esta entidad solo se le permite realizar lo que se establece en la ley, es decir, no se puede hacer nada que no est\u00e9 presupuestado.<\/p>\n\n\n\n<p>Revel\u00f3 que el Estado gener\u00f3 un proyecto sin el respaldo presupuestario, que ha generado una gran cantidad de cuentas por pagar, en un programa de asistencia social como es el Fondo Solidario de Vivienda.<\/p>\n\n\n\n<p>Jovan\u00e9 explic\u00f3 que actualmente no hay ni presupuesto, ni ley para amparar el bono de los 10 mil balboas de aquellas viviendas que no fueron construidas hasta el 30 de junio de 2024, sin embargo, el Estado honrar\u00e1 el pago de las que se edificaron hasta esa fecha.<\/p>\n\n\n\n<p>\u201cHemos hechos muchos ejercicios y conversado con diferentes gremios y contratistas, porque hay que revisar este decreto, para que realmente llegue a donde tiene que llegar y que existan los fondos para poder cubrirlo. Que cuando haya escasez el Estado decida donde se generan mejores efectos\u201d, puntualiz\u00f3 el ministro.<\/p>\n\n\n\n<p>Dijo que han tenido varias propuestas y una de ellas es que ese tramo pase a inter\u00e9s preferencial, con tasas especiales, para quitarle esa carga al Estado de un desembolso \u00fanico e instant\u00e1neo que \u201ces muy dif\u00edcil presupuestar\u201d.<\/p>\n\n\n\n<p>Otro de los proyectos que hay sobre el tema es hacerlo por ponderaci\u00f3n, que consiste en un desarrollo habitacional donde se calificar\u00eda las dimensiones e infraestructuras correctas, agua, educaci\u00f3n, vialidad, entre otros y dependiendo del cumplimiento de estas normas se distribuyen los 10 mil balboas, que podr\u00edan ser en 2 mil 500, 5 mil 500, 7 mil 500 y 10 mil.<\/p>\n\n\n\n<p>Declar\u00f3 que como facilitadores se necesita el apoyo de la empresa privada en ideas y revisiones, para que realmente se llegue a feliz t\u00e9rmino con los diferentes programas que tiene la instituci\u00f3n, pensando integralmente en el pa\u00eds, porque hay proyectos que por continuidad se tienen que terminar y entregar, pero no cuentan con los servicios b\u00e1sicos.<\/p>\n\n\n\n<figure class=\"wp-block-image size-full\"><a href=\"https:\/\/alminutonoticia.com\/noticias\/wp-content\/uploads\/2024\/08\/fondo-770x470-1.jpg\"><img fetchpriority=\"high\" decoding=\"async\" width=\"770\" height=\"470\" src=\"https:\/\/alminutonoticia.com\/noticias\/wp-content\/uploads\/2024\/08\/fondo-770x470-1.jpg\" alt=\"\" class=\"wp-image-12369\" title=\"\" srcset=\"https:\/\/alminutonoticia.com\/noticias\/wp-content\/uploads\/2024\/08\/fondo-770x470-1.jpg 770w, https:\/\/alminutonoticia.com\/noticias\/wp-content\/uploads\/2024\/08\/fondo-770x470-1-300x183.jpg 300w, https:\/\/alminutonoticia.com\/noticias\/wp-content\/uploads\/2024\/08\/fondo-770x470-1-768x469.jpg 768w\" sizes=\"(max-width: 770px) 100vw, 770px\" \/><\/a><\/figure>\n","protected":false},"excerpt":{"rendered":"<p>Los compromisos pendientes con las promotoras afiliadas al programa Fondo Solidario de Vivienda del Ministerio de Vivienda y Ordenamiento Territorial (Miviot), que estuvo vigente hasta el 30 de junio de 2024, se est\u00e1n pagando, inform\u00f3 el ministro de esta cartera, Jaime A. Jovan\u00e9 C. Jovan\u00e9 se\u00f1al\u00f3 que el Gobierno saliente dej\u00f3 transferencias especiales para hacerle [&hellip;]<\/p>\n","protected":false},"author":3,"featured_media":12369,"comment_status":"open","ping_status":"open","sticky":false,"template":"","format":"standard","meta":{"footnotes":""},"categories":[38,36],"tags":[],"class_list":["post-12368","post","type-post","status-publish","format-standard","has-post-thumbnail","hentry","category-economia","category-nacionales"],"_links":{"self":[{"href":"https:\/\/alminutonoticia.com\/noticias\/wp-json\/wp\/v2\/posts\/12368","targetHints":{"allow":["GET"]}}],"collection":[{"href":"https:\/\/alminutonoticia.com\/noticias\/wp-json\/wp\/v2\/posts"}],"about":[{"href":"https:\/\/alminutonoticia.com\/noticias\/wp-json\/wp\/v2\/types\/post"}],"author":[{"embeddable":true,"href":"https:\/\/alminutonoticia.com\/noticias\/wp-json\/wp\/v2\/users\/3"}],"replies":[{"embeddable":true,"href":"https:\/\/alminutonoticia.com\/noticias\/wp-json\/wp\/v2\/comments?post=12368"}],"version-history":[{"count":1,"href":"https:\/\/alminutonoticia.com\/noticias\/wp-json\/wp\/v2\/posts\/12368\/revisions"}],"predecessor-version":[{"id":12370,"href":"https:\/\/alminutonoticia.com\/noticias\/wp-json\/wp\/v2\/posts\/12368\/revisions\/12370"}],"wp:featuredmedia":[{"embeddable":true,"href":"https:\/\/alminutonoticia.com\/noticias\/wp-json\/wp\/v2\/media\/12369"}],"wp:attachment":[{"href":"https:\/\/alminutonoticia.com\/noticias\/wp-json\/wp\/v2\/media?parent=12368"}],"wp:term":[{"taxonomy":"category","embeddable":true,"href":"https:\/\/alminutonoticia.com\/noticias\/wp-json\/wp\/v2\/categories?post=12368"},{"taxonomy":"post_tag","embeddable":true,"href":"https:\/\/alminutonoticia.com\/noticias\/wp-json\/wp\/v2\/tags?post=12368"}],"curies":[{"name":"wp","href":"https:\/\/api.w.org\/{rel}","templated":true}]}}