{"id":1236,"date":"2023-02-14T12:01:02","date_gmt":"2023-02-14T12:01:02","guid":{"rendered":"https:\/\/alminutonoticia.com\/noticias\/?p=1236"},"modified":"2023-02-14T12:01:02","modified_gmt":"2023-02-14T12:01:02","slug":"martin-torrijos-los-paises-divididos-sucumben-y-se-estancan","status":"publish","type":"post","link":"https:\/\/alminutonoticia.com\/noticias\/martin-torrijos-los-paises-divididos-sucumben-y-se-estancan\/","title":{"rendered":"Mart\u00edn Torrijos: \u201cLos Pa\u00edses divididos sucumben y se estancan\u201d"},"content":{"rendered":"\n<p>La Fundaci\u00f3n Omar Torrijos, rindi\u00f3 homenaje al natalicio 94 de Omar Torrijos, en un acto presidido por el presidente Mart\u00edn Torrijos, con la presencia de miembros de la fundaci\u00f3n, j\u00f3venes y simpatizantes de Omar Torrijos.<\/p>\n\n\n\n<p>El evento realizado en la Fundaci\u00f3n Omar Torrijos, conocida como la \u201cCasa de Omar\u201d, cont\u00f3 con un discurso por el presidente Mart\u00edn Torrijos, donde destac\u00f3 el legado de Omar, sus principios ense\u00f1anzas y como se aplican en la actualidad.<\/p>\n\n\n\n<p>\u201cVenimos a la casa de Omar, para honrarle y quererle como siempre. Veo aqu\u00ed las caras de torrijistas dispuestos, reunidos alrededor de su recuerdo y un d\u00eda como hoy, hace 94 a\u00f1os, nos acompa\u00f1a, con su sombrero, con su alegria, su cari\u00f1o y con su conciencia limpia\u201d, destac\u00f3 el presidente Torrijos.<\/p>\n\n\n\n<p>Gracias a \u00e9l, su legado hizo de Panam\u00e1 un pa\u00eds completo, sin excluciones, resalt\u00f3.<\/p>\n\n\n\n<p>Torrijos dijo que decir Omar, es decir: transformaci\u00f3n, patrullaje dom\u00e9stico, justicia social, Poder Popular, concertaci\u00f3n, consulta y eficiencia en la gesti\u00f3n del estado y sus instituciones.<\/p>\n\n\n\n<p>\u201cHay un puente que cruzar, que une al pasado con el futuro y no podemos anclarnos al pasado pero s\u00ed podemos acumular las herencias para hacer el futuro compartido\u201d dijo Torrijos.<\/p>\n\n\n\n<p>Torrijos recalc\u00f3 que se trata de pasar al futuro con la visi\u00f3n, los principios y el coraje que nos leg\u00f3 Omar Torrijos y que tenemos la obligaci\u00f3n de entendernos entre paname\u00f1os para construir un proyecto de pa\u00eds en unidad.<\/p>\n\n\n\n<p>\u201cConstruir el pa\u00eds con solidaridad, con sensibilidad humana, donde las coincidencias sean mayores que las diferencias\u201d, resalt\u00f3.<\/p>\n\n\n\n<p>Debemos tener la determinaci\u00f3n que Panam\u00e1, sea un pa\u00eds con mayor equidad y menos desigualdad, se trata de cuidar nuestro pa\u00eds, de no da\u00f1arlo y engrandecerlo con dignidad y respeto, expres\u00f3 el Presidente Torrijos<\/p>\n\n\n\n<p>No hay nada, nada m\u00e1s importante que Panam\u00e1, hay mucho por hacer, hacer es el futuro y para esa tarea, hoy tenemos que mirar m\u00e1s lejos, con nuestras visiones, abriendo trochas, para enfrentar los viejos y nuevos problemas que tenemos al frente, que no se pueden rehuir ni dej\u00e1rselos a otros, esto significa que el torrijismo tiene vigencia, como una herramienta para interpretar a nuestra sociedad, concluy\u00f3.<\/p>\n\n\n\n<figure class=\"wp-block-image size-large\"><a href=\"https:\/\/alminutonoticia.com\/noticias\/wp-content\/uploads\/2023\/02\/WhatsApp-Image-2023-02-13-at-8.44.03-PM.jpeg\"><img fetchpriority=\"high\" decoding=\"async\" width=\"1024\" height=\"683\" src=\"https:\/\/alminutonoticia.com\/noticias\/wp-content\/uploads\/2023\/02\/WhatsApp-Image-2023-02-13-at-8.44.03-PM-1024x683.jpeg\" alt=\"\" class=\"wp-image-1237\" title=\"\" srcset=\"https:\/\/alminutonoticia.com\/noticias\/wp-content\/uploads\/2023\/02\/WhatsApp-Image-2023-02-13-at-8.44.03-PM-1024x683.jpeg 1024w, https:\/\/alminutonoticia.com\/noticias\/wp-content\/uploads\/2023\/02\/WhatsApp-Image-2023-02-13-at-8.44.03-PM-300x200.jpeg 300w, https:\/\/alminutonoticia.com\/noticias\/wp-content\/uploads\/2023\/02\/WhatsApp-Image-2023-02-13-at-8.44.03-PM-768x512.jpeg 768w, https:\/\/alminutonoticia.com\/noticias\/wp-content\/uploads\/2023\/02\/WhatsApp-Image-2023-02-13-at-8.44.03-PM-1536x1024.jpeg 1536w, https:\/\/alminutonoticia.com\/noticias\/wp-content\/uploads\/2023\/02\/WhatsApp-Image-2023-02-13-at-8.44.03-PM.jpeg 1599w\" sizes=\"(max-width: 1024px) 100vw, 1024px\" \/><\/a><\/figure>\n\n\n\n<figure class=\"wp-block-image size-large\"><a href=\"https:\/\/alminutonoticia.com\/noticias\/wp-content\/uploads\/2023\/02\/WhatsApp-Image-2023-02-13-at-8.43.46-PM.jpeg\"><img decoding=\"async\" width=\"1024\" height=\"683\" src=\"https:\/\/alminutonoticia.com\/noticias\/wp-content\/uploads\/2023\/02\/WhatsApp-Image-2023-02-13-at-8.43.46-PM-1024x683.jpeg\" alt=\"\" class=\"wp-image-1238\" title=\"\" srcset=\"https:\/\/alminutonoticia.com\/noticias\/wp-content\/uploads\/2023\/02\/WhatsApp-Image-2023-02-13-at-8.43.46-PM-1024x683.jpeg 1024w, https:\/\/alminutonoticia.com\/noticias\/wp-content\/uploads\/2023\/02\/WhatsApp-Image-2023-02-13-at-8.43.46-PM-300x200.jpeg 300w, https:\/\/alminutonoticia.com\/noticias\/wp-content\/uploads\/2023\/02\/WhatsApp-Image-2023-02-13-at-8.43.46-PM-768x512.jpeg 768w, https:\/\/alminutonoticia.com\/noticias\/wp-content\/uploads\/2023\/02\/WhatsApp-Image-2023-02-13-at-8.43.46-PM-1536x1024.jpeg 1536w, https:\/\/alminutonoticia.com\/noticias\/wp-content\/uploads\/2023\/02\/WhatsApp-Image-2023-02-13-at-8.43.46-PM.jpeg 1599w\" sizes=\"(max-width: 1024px) 100vw, 1024px\" \/><\/a><\/figure>\n","protected":false},"excerpt":{"rendered":"<p>La Fundaci\u00f3n Omar Torrijos, rindi\u00f3 homenaje al natalicio 94 de Omar Torrijos, en un acto presidido por el presidente Mart\u00edn Torrijos, con la presencia de miembros de la fundaci\u00f3n, j\u00f3venes y simpatizantes de Omar Torrijos. El evento realizado en la Fundaci\u00f3n Omar Torrijos, conocida como la \u201cCasa de Omar\u201d, cont\u00f3 con un discurso por el [&hellip;]<\/p>\n","protected":false},"author":3,"featured_media":1237,"comment_status":"open","ping_status":"open","sticky":false,"template":"","format":"standard","meta":{"footnotes":""},"categories":[36,37],"tags":[],"class_list":["post-1236","post","type-post","status-publish","format-standard","has-post-thumbnail","hentry","category-nacionales","category-politica"],"_links":{"self":[{"href":"https:\/\/alminutonoticia.com\/noticias\/wp-json\/wp\/v2\/posts\/1236","targetHints":{"allow":["GET"]}}],"collection":[{"href":"https:\/\/alminutonoticia.com\/noticias\/wp-json\/wp\/v2\/posts"}],"about":[{"href":"https:\/\/alminutonoticia.com\/noticias\/wp-json\/wp\/v2\/types\/post"}],"author":[{"embeddable":true,"href":"https:\/\/alminutonoticia.com\/noticias\/wp-json\/wp\/v2\/users\/3"}],"replies":[{"embeddable":true,"href":"https:\/\/alminutonoticia.com\/noticias\/wp-json\/wp\/v2\/comments?post=1236"}],"version-history":[{"count":1,"href":"https:\/\/alminutonoticia.com\/noticias\/wp-json\/wp\/v2\/posts\/1236\/revisions"}],"predecessor-version":[{"id":1239,"href":"https:\/\/alminutonoticia.com\/noticias\/wp-json\/wp\/v2\/posts\/1236\/revisions\/1239"}],"wp:featuredmedia":[{"embeddable":true,"href":"https:\/\/alminutonoticia.com\/noticias\/wp-json\/wp\/v2\/media\/1237"}],"wp:attachment":[{"href":"https:\/\/alminutonoticia.com\/noticias\/wp-json\/wp\/v2\/media?parent=1236"}],"wp:term":[{"taxonomy":"category","embeddable":true,"href":"https:\/\/alminutonoticia.com\/noticias\/wp-json\/wp\/v2\/categories?post=1236"},{"taxonomy":"post_tag","embeddable":true,"href":"https:\/\/alminutonoticia.com\/noticias\/wp-json\/wp\/v2\/tags?post=1236"}],"curies":[{"name":"wp","href":"https:\/\/api.w.org\/{rel}","templated":true}]}}