{"id":12355,"date":"2024-08-02T11:25:10","date_gmt":"2024-08-02T11:25:10","guid":{"rendered":"https:\/\/alminutonoticia.com\/noticias\/?p=12355"},"modified":"2024-08-02T11:25:13","modified_gmt":"2024-08-02T11:25:13","slug":"meduca-fija-hoja-de-ruta-para-mejorar-el-proceso-de-ensenanza","status":"publish","type":"post","link":"https:\/\/alminutonoticia.com\/noticias\/meduca-fija-hoja-de-ruta-para-mejorar-el-proceso-de-ensenanza\/","title":{"rendered":"Meduca fija hoja de ruta para mejorar el proceso de ense\u00f1anza"},"content":{"rendered":"\n<p>Los secretarios generales de las asociaciones de educadores, universidades oficiales y particulares y representantes del sector empresarial, participaron de un conversatorio para fortalecer la colaboraci\u00f3n e intercambiar experiencias que conduzcan al mejoramiento de la calidad de la educaci\u00f3n, con la finalidad de construir una hoja de ruta que les permita mejorar el proceso ense\u00f1anza aprendizaje mediante una alianza con los sectores del pa\u00eds.<\/p>\n\n\n\n<p>La ministra de Educaci\u00f3n Lucy Molinar, manifest\u00f3 que es el primer acercamiento que se realiza con los distintos representantes para unificar criterios, posteriormente, se analizar\u00e1 la realidad educativa para recibir aportes que contribuyan a proveer conocimientos,&nbsp;desarrollar las habilidades blandas, enriquecer la cultura, el esp\u00edritu,&nbsp;los valores y todo aquello que produzca cambios, para construir un sistema educativo que responda a las necesidades del pa\u00eds y, sobre todo, ofrecerles a los estudiantes las herramientas que les permitan salir adelante en su vida personal y profesional.<\/p>\n\n\n\n<figure class=\"wp-block-image size-full\"><a href=\"https:\/\/alminutonoticia.com\/noticias\/wp-content\/uploads\/2024\/08\/WhatsApp-Image-2024-07-31-at-4.28.00-PM-1-1024x682-1.jpeg\"><img fetchpriority=\"high\" decoding=\"async\" width=\"1024\" height=\"682\" src=\"https:\/\/alminutonoticia.com\/noticias\/wp-content\/uploads\/2024\/08\/WhatsApp-Image-2024-07-31-at-4.28.00-PM-1-1024x682-1.jpeg\" alt=\"\" class=\"wp-image-12356\" title=\"\" srcset=\"https:\/\/alminutonoticia.com\/noticias\/wp-content\/uploads\/2024\/08\/WhatsApp-Image-2024-07-31-at-4.28.00-PM-1-1024x682-1.jpeg 1024w, https:\/\/alminutonoticia.com\/noticias\/wp-content\/uploads\/2024\/08\/WhatsApp-Image-2024-07-31-at-4.28.00-PM-1-1024x682-1-300x200.jpeg 300w, https:\/\/alminutonoticia.com\/noticias\/wp-content\/uploads\/2024\/08\/WhatsApp-Image-2024-07-31-at-4.28.00-PM-1-1024x682-1-768x512.jpeg 768w\" sizes=\"(max-width: 1024px) 100vw, 1024px\" \/><\/a><\/figure>\n\n\n\n<p>En el evento se recibieron aportes en t\u00e9rminos de la formaci\u00f3n en competencias blandas, digitales, t\u00e9cnicas, actitudinales; as\u00ed como el dominio del idioma ingl\u00e9s que se debe desarrollar en los estudiantes para que, una vez egresados del nivel de educaci\u00f3n media, puedan responder de mejor forma a las necesidades de un mundo laboral y profesional en constantes cambios, exigido en el siglo XXI.<\/p>\n\n\n\n<p>A su vez, Ren\u00e9 Quevedo, docente e investigador, present\u00f3 estad\u00edsticas del desempleo, en que el mayor porcentaje est\u00e1 enfocado entre los j\u00f3venes y propuso alinear la formaci\u00f3n de estos, a lo que requiere el sector productivo y que tengan la capacidad de construir un proyecto de vida, es admirable y es el objetivo de la ministra Molinar.<\/p>\n\n\n\n<div class=\"wp-block-columns is-layout-flex wp-container-core-columns-is-layout-28f84493 wp-block-columns-is-layout-flex\">\n<div class=\"wp-block-column is-layout-flow wp-block-column-is-layout-flow\" style=\"flex-basis:50%\">\n<figure class=\"wp-block-image size-full\"><a href=\"https:\/\/alminutonoticia.com\/noticias\/wp-content\/uploads\/2024\/08\/WhatsApp-Image-2024-07-31-at-4.28.00-PM-1-1-1024x650-1.jpeg\"><img decoding=\"async\" width=\"1024\" height=\"650\" src=\"https:\/\/alminutonoticia.com\/noticias\/wp-content\/uploads\/2024\/08\/WhatsApp-Image-2024-07-31-at-4.28.00-PM-1-1-1024x650-1.jpeg\" alt=\"\" class=\"wp-image-12357\" title=\"\" srcset=\"https:\/\/alminutonoticia.com\/noticias\/wp-content\/uploads\/2024\/08\/WhatsApp-Image-2024-07-31-at-4.28.00-PM-1-1-1024x650-1.jpeg 1024w, https:\/\/alminutonoticia.com\/noticias\/wp-content\/uploads\/2024\/08\/WhatsApp-Image-2024-07-31-at-4.28.00-PM-1-1-1024x650-1-300x190.jpeg 300w, https:\/\/alminutonoticia.com\/noticias\/wp-content\/uploads\/2024\/08\/WhatsApp-Image-2024-07-31-at-4.28.00-PM-1-1-1024x650-1-768x488.jpeg 768w\" sizes=\"(max-width: 1024px) 100vw, 1024px\" \/><\/a><\/figure>\n<\/div>\n\n\n\n<div class=\"wp-block-column is-layout-flow wp-block-column-is-layout-flow\" style=\"flex-basis:50%\">\n<figure class=\"wp-block-image size-full\"><a href=\"https:\/\/alminutonoticia.com\/noticias\/wp-content\/uploads\/2024\/08\/WhatsApp-Image-2024-07-31-at-4.28.03-PM-1024x683-1.jpeg\"><img decoding=\"async\" width=\"1024\" height=\"683\" src=\"https:\/\/alminutonoticia.com\/noticias\/wp-content\/uploads\/2024\/08\/WhatsApp-Image-2024-07-31-at-4.28.03-PM-1024x683-1.jpeg\" alt=\"\" class=\"wp-image-12358\" title=\"\" srcset=\"https:\/\/alminutonoticia.com\/noticias\/wp-content\/uploads\/2024\/08\/WhatsApp-Image-2024-07-31-at-4.28.03-PM-1024x683-1.jpeg 1024w, https:\/\/alminutonoticia.com\/noticias\/wp-content\/uploads\/2024\/08\/WhatsApp-Image-2024-07-31-at-4.28.03-PM-1024x683-1-300x200.jpeg 300w, https:\/\/alminutonoticia.com\/noticias\/wp-content\/uploads\/2024\/08\/WhatsApp-Image-2024-07-31-at-4.28.03-PM-1024x683-1-768x512.jpeg 768w\" sizes=\"(max-width: 1024px) 100vw, 1024px\" \/><\/a><\/figure>\n<\/div>\n<\/div>\n\n\n\n<p>Los representantes de los gremios docentes y de las universidades expresaron su satisfacci\u00f3n de participar en el conversatorio, expresaron su inter\u00e9s de continuar con este tipo de actividades, que representa una oportunidad para compartir experiencias, conocimientos y establecer alianzas estrat\u00e9gicas que contribuir\u00e1n al desarrollo de una educaci\u00f3n m\u00e1s inclusiva y de calidad, para los centros educativos de media y universidades.<\/p>\n","protected":false},"excerpt":{"rendered":"<p>Los secretarios generales de las asociaciones de educadores, universidades oficiales y particulares y representantes del sector empresarial, participaron de un conversatorio para fortalecer la colaboraci\u00f3n e intercambiar experiencias que conduzcan al mejoramiento de la calidad de la educaci\u00f3n, con la finalidad de construir una hoja de ruta que les permita mejorar el proceso ense\u00f1anza aprendizaje [&hellip;]<\/p>\n","protected":false},"author":3,"featured_media":12356,"comment_status":"open","ping_status":"open","sticky":false,"template":"","format":"standard","meta":{"footnotes":""},"categories":[36],"tags":[],"class_list":["post-12355","post","type-post","status-publish","format-standard","has-post-thumbnail","hentry","category-nacionales"],"_links":{"self":[{"href":"https:\/\/alminutonoticia.com\/noticias\/wp-json\/wp\/v2\/posts\/12355","targetHints":{"allow":["GET"]}}],"collection":[{"href":"https:\/\/alminutonoticia.com\/noticias\/wp-json\/wp\/v2\/posts"}],"about":[{"href":"https:\/\/alminutonoticia.com\/noticias\/wp-json\/wp\/v2\/types\/post"}],"author":[{"embeddable":true,"href":"https:\/\/alminutonoticia.com\/noticias\/wp-json\/wp\/v2\/users\/3"}],"replies":[{"embeddable":true,"href":"https:\/\/alminutonoticia.com\/noticias\/wp-json\/wp\/v2\/comments?post=12355"}],"version-history":[{"count":1,"href":"https:\/\/alminutonoticia.com\/noticias\/wp-json\/wp\/v2\/posts\/12355\/revisions"}],"predecessor-version":[{"id":12359,"href":"https:\/\/alminutonoticia.com\/noticias\/wp-json\/wp\/v2\/posts\/12355\/revisions\/12359"}],"wp:featuredmedia":[{"embeddable":true,"href":"https:\/\/alminutonoticia.com\/noticias\/wp-json\/wp\/v2\/media\/12356"}],"wp:attachment":[{"href":"https:\/\/alminutonoticia.com\/noticias\/wp-json\/wp\/v2\/media?parent=12355"}],"wp:term":[{"taxonomy":"category","embeddable":true,"href":"https:\/\/alminutonoticia.com\/noticias\/wp-json\/wp\/v2\/categories?post=12355"},{"taxonomy":"post_tag","embeddable":true,"href":"https:\/\/alminutonoticia.com\/noticias\/wp-json\/wp\/v2\/tags?post=12355"}],"curies":[{"name":"wp","href":"https:\/\/api.w.org\/{rel}","templated":true}]}}