{"id":12347,"date":"2024-08-01T10:43:02","date_gmt":"2024-08-01T10:43:02","guid":{"rendered":"https:\/\/alminutonoticia.com\/noticias\/?p=12347"},"modified":"2024-08-01T10:43:03","modified_gmt":"2024-08-01T10:43:03","slug":"gerente-general-del-instituto-de-seguro-agropecuario-fue-ratificado-por-el-pleno-de-la-asamblea","status":"publish","type":"post","link":"https:\/\/alminutonoticia.com\/noticias\/gerente-general-del-instituto-de-seguro-agropecuario-fue-ratificado-por-el-pleno-de-la-asamblea\/","title":{"rendered":"Gerente General del Instituto de Seguro Agropecuario fue ratificado por el Pleno de la Asamblea."},"content":{"rendered":"\n<p>Panam\u00e1 31 de julio de 2024. Tras contar con la unanimidad de votos emitidos por los comisionados y ser recomendado por la Comisi\u00f3n de Credenciales, Reglamento, \u00c9tica Parlamentaria y Asuntos Judiciales, el pleno de la Asamblea Nacional aprob\u00f3 a Ariel Espino, como el nuevo Gerente General del Instituto de Seguro Agropecuario (ISA).<\/p>\n\n\n\n<p>En su intervenci\u00f3n, Espino destac\u00f3 la importancia de reforzar las planillas, con sistemas tecnol\u00f3gicos para agilizar los tr\u00e1mites en el ISA, con la modernizaci\u00f3n y digitalizaci\u00f3n de los procesos.<\/p>\n\n\n\n<figure class=\"wp-block-image size-large\"><a href=\"https:\/\/alminutonoticia.com\/noticias\/wp-content\/uploads\/2024\/08\/WhatsApp-Image-2024-07-31-at-5.43.00-PM.jpeg\"><img fetchpriority=\"high\" decoding=\"async\" width=\"1024\" height=\"595\" src=\"https:\/\/alminutonoticia.com\/noticias\/wp-content\/uploads\/2024\/08\/WhatsApp-Image-2024-07-31-at-5.43.00-PM-1024x595.jpeg\" alt=\"\" class=\"wp-image-12348\" title=\"\" srcset=\"https:\/\/alminutonoticia.com\/noticias\/wp-content\/uploads\/2024\/08\/WhatsApp-Image-2024-07-31-at-5.43.00-PM-1024x595.jpeg 1024w, https:\/\/alminutonoticia.com\/noticias\/wp-content\/uploads\/2024\/08\/WhatsApp-Image-2024-07-31-at-5.43.00-PM-300x174.jpeg 300w, https:\/\/alminutonoticia.com\/noticias\/wp-content\/uploads\/2024\/08\/WhatsApp-Image-2024-07-31-at-5.43.00-PM-768x446.jpeg 768w, https:\/\/alminutonoticia.com\/noticias\/wp-content\/uploads\/2024\/08\/WhatsApp-Image-2024-07-31-at-5.43.00-PM.jpeg 1280w\" sizes=\"(max-width: 1024px) 100vw, 1024px\" \/><\/a><\/figure>\n\n\n\n<p>Reitero adem\u00e1s que el ISA es una instituci\u00f3n de puertas abiertas, donde se redoblaran los esfuerzos para cumplir con las exigencias del mercado asegurador agropecuario, con un acercamiento y acompa\u00f1amiento del productor nacional.<\/p>\n\n\n\n<p>La ratificaci\u00f3n de Ariel Espino se da luego de cumplir con todos los requisitos que exige la ley para estar al frente de esta cartera.<\/p>\n\n\n\n<figure class=\"wp-block-image size-large\"><a href=\"https:\/\/alminutonoticia.com\/noticias\/wp-content\/uploads\/2024\/08\/WhatsApp-Image-2024-07-31-at-5.43.00-PM-2.jpeg\"><img decoding=\"async\" width=\"1024\" height=\"752\" src=\"https:\/\/alminutonoticia.com\/noticias\/wp-content\/uploads\/2024\/08\/WhatsApp-Image-2024-07-31-at-5.43.00-PM-2-1024x752.jpeg\" alt=\"\" class=\"wp-image-12350\" title=\"\" srcset=\"https:\/\/alminutonoticia.com\/noticias\/wp-content\/uploads\/2024\/08\/WhatsApp-Image-2024-07-31-at-5.43.00-PM-2-1024x752.jpeg 1024w, https:\/\/alminutonoticia.com\/noticias\/wp-content\/uploads\/2024\/08\/WhatsApp-Image-2024-07-31-at-5.43.00-PM-2-300x220.jpeg 300w, https:\/\/alminutonoticia.com\/noticias\/wp-content\/uploads\/2024\/08\/WhatsApp-Image-2024-07-31-at-5.43.00-PM-2-768x564.jpeg 768w, https:\/\/alminutonoticia.com\/noticias\/wp-content\/uploads\/2024\/08\/WhatsApp-Image-2024-07-31-at-5.43.00-PM-2.jpeg 1279w\" sizes=\"(max-width: 1024px) 100vw, 1024px\" \/><\/a><\/figure>\n\n\n\n<figure class=\"wp-block-image size-large\"><a href=\"https:\/\/alminutonoticia.com\/noticias\/wp-content\/uploads\/2024\/08\/WhatsApp-Image-2024-07-31-at-5.43.00-PM-1.jpeg\"><img decoding=\"async\" width=\"1024\" height=\"768\" src=\"https:\/\/alminutonoticia.com\/noticias\/wp-content\/uploads\/2024\/08\/WhatsApp-Image-2024-07-31-at-5.43.00-PM-1-1024x768.jpeg\" alt=\"\" class=\"wp-image-12349\" title=\"\" srcset=\"https:\/\/alminutonoticia.com\/noticias\/wp-content\/uploads\/2024\/08\/WhatsApp-Image-2024-07-31-at-5.43.00-PM-1-1024x768.jpeg 1024w, https:\/\/alminutonoticia.com\/noticias\/wp-content\/uploads\/2024\/08\/WhatsApp-Image-2024-07-31-at-5.43.00-PM-1-300x225.jpeg 300w, https:\/\/alminutonoticia.com\/noticias\/wp-content\/uploads\/2024\/08\/WhatsApp-Image-2024-07-31-at-5.43.00-PM-1-768x576.jpeg 768w, https:\/\/alminutonoticia.com\/noticias\/wp-content\/uploads\/2024\/08\/WhatsApp-Image-2024-07-31-at-5.43.00-PM-1.jpeg 1280w\" sizes=\"(max-width: 1024px) 100vw, 1024px\" \/><\/a><\/figure>\n","protected":false},"excerpt":{"rendered":"<p>Panam\u00e1 31 de julio de 2024. Tras contar con la unanimidad de votos emitidos por los comisionados y ser recomendado por la Comisi\u00f3n de Credenciales, Reglamento, \u00c9tica Parlamentaria y Asuntos Judiciales, el pleno de la Asamblea Nacional aprob\u00f3 a Ariel Espino, como el nuevo Gerente General del Instituto de Seguro Agropecuario (ISA). En su intervenci\u00f3n, [&hellip;]<\/p>\n","protected":false},"author":3,"featured_media":12348,"comment_status":"open","ping_status":"open","sticky":false,"template":"","format":"standard","meta":{"footnotes":""},"categories":[36],"tags":[],"class_list":["post-12347","post","type-post","status-publish","format-standard","has-post-thumbnail","hentry","category-nacionales"],"_links":{"self":[{"href":"https:\/\/alminutonoticia.com\/noticias\/wp-json\/wp\/v2\/posts\/12347","targetHints":{"allow":["GET"]}}],"collection":[{"href":"https:\/\/alminutonoticia.com\/noticias\/wp-json\/wp\/v2\/posts"}],"about":[{"href":"https:\/\/alminutonoticia.com\/noticias\/wp-json\/wp\/v2\/types\/post"}],"author":[{"embeddable":true,"href":"https:\/\/alminutonoticia.com\/noticias\/wp-json\/wp\/v2\/users\/3"}],"replies":[{"embeddable":true,"href":"https:\/\/alminutonoticia.com\/noticias\/wp-json\/wp\/v2\/comments?post=12347"}],"version-history":[{"count":1,"href":"https:\/\/alminutonoticia.com\/noticias\/wp-json\/wp\/v2\/posts\/12347\/revisions"}],"predecessor-version":[{"id":12351,"href":"https:\/\/alminutonoticia.com\/noticias\/wp-json\/wp\/v2\/posts\/12347\/revisions\/12351"}],"wp:featuredmedia":[{"embeddable":true,"href":"https:\/\/alminutonoticia.com\/noticias\/wp-json\/wp\/v2\/media\/12348"}],"wp:attachment":[{"href":"https:\/\/alminutonoticia.com\/noticias\/wp-json\/wp\/v2\/media?parent=12347"}],"wp:term":[{"taxonomy":"category","embeddable":true,"href":"https:\/\/alminutonoticia.com\/noticias\/wp-json\/wp\/v2\/categories?post=12347"},{"taxonomy":"post_tag","embeddable":true,"href":"https:\/\/alminutonoticia.com\/noticias\/wp-json\/wp\/v2\/tags?post=12347"}],"curies":[{"name":"wp","href":"https:\/\/api.w.org\/{rel}","templated":true}]}}