{"id":12344,"date":"2024-08-01T10:18:09","date_gmt":"2024-08-01T10:18:09","guid":{"rendered":"https:\/\/alminutonoticia.com\/noticias\/?p=12344"},"modified":"2024-08-01T10:39:00","modified_gmt":"2024-08-01T10:39:00","slug":"imponen-rango-como-nuevos-subdirectores-a-cuatro-comisionados-de-la-fuerza-publica","status":"publish","type":"post","link":"https:\/\/alminutonoticia.com\/noticias\/imponen-rango-como-nuevos-subdirectores-a-cuatro-comisionados-de-la-fuerza-publica\/","title":{"rendered":"Imponen rango como nuevos subdirectores a cuatro comisionados de la Fuerza P\u00fablica"},"content":{"rendered":"\n<p>El nivel jer\u00e1rquico directivo en los estamentos de seguridad qued\u00f3 completo, con la imposici\u00f3n del rango de subdirectores a cuatro comisionados, quienes asumir\u00e1n roles en la Polic\u00eda Nacional, el Servicio Nacional Aeronaval, el Servicio Nacional de Fronteras y el Servicio Nacional de Migraci\u00f3n.<\/p>\n\n\n\n<p>En una ceremonia solemne, presidida por el ministro de Seguridad P\u00fablica, Frank Alexis Abrego y el viceministro Luis Felipe Icaza, el comisionado Jorge Efra\u00edn Dom\u00ednguez Cisneros, con 27 a\u00f1os de servicio, es el subdirector de la Polic\u00eda Nacional; el comisionado Rafael Jurado, con 24 a\u00f1os de servicio, ocupar\u00e1 el cargo en el Servicio Nacional Aeronaval.<\/p>\n\n\n\n<p>El comisionado Larry Sol\u00eds Vel\u00e1squez, con 27 a\u00f1os de servicio, ser\u00e1 el subdirector del Servicio Nacional de Fronteras, mientras que la comisionada Erly Miranda Salda\u00f1a, ocupar\u00e1 el cargo en el Servicio Nacional de Migraci\u00f3n.<\/p>\n\n\n\n<p>Tras la imposici\u00f3n de las caponas (distintivos) y la entrega de placas, el ministro Abrego elogi\u00f3 la trayectoria y el trabajo profesional de los nuevos subdirectores. Los inst\u00f3 a trabajar con unidad, renovar esfuerzos y mantener un alto nivel de responsabilidad y compromiso para el fortalecimiento de la seguridad en el pa\u00eds.<\/p>\n\n\n\n<p>\u201cNuestro pa\u00eds enfrenta grandes desaf\u00edos que requiere coordinaci\u00f3n impecable, clara, efectiva y decisiva. Cada uno de ustedes, se\u00f1ores subdirectores, desempe\u00f1a un papel crucial en la estructura de seguridad p\u00fablica. Su liderazgo es fundamental para el \u00e9xito e implementaci\u00f3n de planes y estrategias operacionales\u201d, indic\u00f3 el Ministro.<\/p>\n\n\n\n<p>En la ceremonia, tambi\u00e9n asistieron Juan Carlos Rodr\u00edguez, secretario general del Ministerio de Seguridad P\u00fablica; Jaime Fern\u00e1ndez, director de la Polic\u00eda Nacional; Luis Degracia, director del Servicio Nacional Aeronaval; Jorge Gobea, director del Servicio Nacional de Fronteras; y Roger Mojica, director del Servicio Nacional de Migraci\u00f3n.<\/p>\n\n\n\n<figure class=\"wp-block-image size-full\"><a href=\"https:\/\/alminutonoticia.com\/noticias\/wp-content\/uploads\/2024\/08\/subdirectores31julio24-1536x812-2-770x470-1.jpg\"><img fetchpriority=\"high\" decoding=\"async\" width=\"770\" height=\"470\" src=\"https:\/\/alminutonoticia.com\/noticias\/wp-content\/uploads\/2024\/08\/subdirectores31julio24-1536x812-2-770x470-1.jpg\" alt=\"\" class=\"wp-image-12345\" title=\"\" srcset=\"https:\/\/alminutonoticia.com\/noticias\/wp-content\/uploads\/2024\/08\/subdirectores31julio24-1536x812-2-770x470-1.jpg 770w, https:\/\/alminutonoticia.com\/noticias\/wp-content\/uploads\/2024\/08\/subdirectores31julio24-1536x812-2-770x470-1-300x183.jpg 300w, https:\/\/alminutonoticia.com\/noticias\/wp-content\/uploads\/2024\/08\/subdirectores31julio24-1536x812-2-770x470-1-768x469.jpg 768w\" sizes=\"(max-width: 770px) 100vw, 770px\" \/><\/a><\/figure>\n","protected":false},"excerpt":{"rendered":"<p>El nivel jer\u00e1rquico directivo en los estamentos de seguridad qued\u00f3 completo, con la imposici\u00f3n del rango de subdirectores a cuatro comisionados, quienes asumir\u00e1n roles en la Polic\u00eda Nacional, el Servicio Nacional Aeronaval, el Servicio Nacional de Fronteras y el Servicio Nacional de Migraci\u00f3n. En una ceremonia solemne, presidida por el ministro de Seguridad P\u00fablica, Frank [&hellip;]<\/p>\n","protected":false},"author":3,"featured_media":12345,"comment_status":"open","ping_status":"open","sticky":false,"template":"","format":"standard","meta":{"footnotes":""},"categories":[36],"tags":[],"class_list":["post-12344","post","type-post","status-publish","format-standard","has-post-thumbnail","hentry","category-nacionales"],"_links":{"self":[{"href":"https:\/\/alminutonoticia.com\/noticias\/wp-json\/wp\/v2\/posts\/12344","targetHints":{"allow":["GET"]}}],"collection":[{"href":"https:\/\/alminutonoticia.com\/noticias\/wp-json\/wp\/v2\/posts"}],"about":[{"href":"https:\/\/alminutonoticia.com\/noticias\/wp-json\/wp\/v2\/types\/post"}],"author":[{"embeddable":true,"href":"https:\/\/alminutonoticia.com\/noticias\/wp-json\/wp\/v2\/users\/3"}],"replies":[{"embeddable":true,"href":"https:\/\/alminutonoticia.com\/noticias\/wp-json\/wp\/v2\/comments?post=12344"}],"version-history":[{"count":1,"href":"https:\/\/alminutonoticia.com\/noticias\/wp-json\/wp\/v2\/posts\/12344\/revisions"}],"predecessor-version":[{"id":12346,"href":"https:\/\/alminutonoticia.com\/noticias\/wp-json\/wp\/v2\/posts\/12344\/revisions\/12346"}],"wp:featuredmedia":[{"embeddable":true,"href":"https:\/\/alminutonoticia.com\/noticias\/wp-json\/wp\/v2\/media\/12345"}],"wp:attachment":[{"href":"https:\/\/alminutonoticia.com\/noticias\/wp-json\/wp\/v2\/media?parent=12344"}],"wp:term":[{"taxonomy":"category","embeddable":true,"href":"https:\/\/alminutonoticia.com\/noticias\/wp-json\/wp\/v2\/categories?post=12344"},{"taxonomy":"post_tag","embeddable":true,"href":"https:\/\/alminutonoticia.com\/noticias\/wp-json\/wp\/v2\/tags?post=12344"}],"curies":[{"name":"wp","href":"https:\/\/api.w.org\/{rel}","templated":true}]}}