{"id":12334,"date":"2024-08-01T10:12:11","date_gmt":"2024-08-01T10:12:11","guid":{"rendered":"https:\/\/alminutonoticia.com\/noticias\/?p=12334"},"modified":"2024-08-01T10:12:13","modified_gmt":"2024-08-01T10:12:13","slug":"comisionado-jorge-dominguez-es-el-nuevo-subdirector-de-la-policia-nacional","status":"publish","type":"post","link":"https:\/\/alminutonoticia.com\/noticias\/comisionado-jorge-dominguez-es-el-nuevo-subdirector-de-la-policia-nacional\/","title":{"rendered":"Comisionado Jorge Dom\u00ednguez es el nuevo subdirector de la Polic\u00eda Nacional"},"content":{"rendered":"\n<p>Este mi\u00e9rcoles 31 de julio se realiz\u00f3 la imposici\u00f3n de las caponas a los nuevos subdirectores de los estamentos de seguridad, quienes han demostrado un desempe\u00f1o excepcional y un compromiso inquebrantable con la seguridad y el bienestar de nuestra comunidad.<\/p>\n\n\n\n<p>En una ceremonia celebrada en la sede del Ministerio de Seguridad ubicado en Anc\u00f3n, el titular de esta cartera, Frank Alexis \u00c1brego, hizo entrega junto al director general de la Polic\u00eda Nacional Jaime Fern\u00e1ndez de la capona al comisionado Jorge Dom\u00ednguez promovido a la posici\u00f3n de Subdirector de la instituci\u00f3n.<\/p>\n\n\n\n<p>En tanto, recibieron esta designaci\u00f3n de igual manera el comisionado Rafael Jurado, Servicio Nacional Aeronaval, el comisionado Larry Sol\u00eds Vel\u00e1squez, Servicio Nacional de Fronteras y la Honorable Erly Miranda, Servicio Nacional de Migraci\u00f3n.<\/p>\n\n\n\n<p>Este evento marca un hito significativo en la carrera de estos dedicados servidores p\u00fablicos y refleja el esfuerzo continuo de nuestra instituci\u00f3n por fortalecer el liderazgo y la eficiencia en todas las \u00e1reas de nuestras operaciones.<\/p>\n\n\n\n<figure class=\"wp-block-image size-full\"><a href=\"https:\/\/alminutonoticia.com\/noticias\/wp-content\/uploads\/2024\/08\/poli-poli-.jpg\"><img fetchpriority=\"high\" decoding=\"async\" width=\"547\" height=\"376\" src=\"https:\/\/alminutonoticia.com\/noticias\/wp-content\/uploads\/2024\/08\/poli-poli-.jpg\" alt=\"\" class=\"wp-image-12335\" title=\"\" srcset=\"https:\/\/alminutonoticia.com\/noticias\/wp-content\/uploads\/2024\/08\/poli-poli-.jpg 547w, https:\/\/alminutonoticia.com\/noticias\/wp-content\/uploads\/2024\/08\/poli-poli--300x206.jpg 300w\" sizes=\"(max-width: 547px) 100vw, 547px\" \/><\/a><\/figure>\n","protected":false},"excerpt":{"rendered":"<p>Este mi\u00e9rcoles 31 de julio se realiz\u00f3 la imposici\u00f3n de las caponas a los nuevos subdirectores de los estamentos de seguridad, quienes han demostrado un desempe\u00f1o excepcional y un compromiso inquebrantable con la seguridad y el bienestar de nuestra comunidad. En una ceremonia celebrada en la sede del Ministerio de Seguridad ubicado en Anc\u00f3n, el [&hellip;]<\/p>\n","protected":false},"author":3,"featured_media":12335,"comment_status":"open","ping_status":"open","sticky":false,"template":"","format":"standard","meta":{"footnotes":""},"categories":[36],"tags":[],"class_list":["post-12334","post","type-post","status-publish","format-standard","has-post-thumbnail","hentry","category-nacionales"],"_links":{"self":[{"href":"https:\/\/alminutonoticia.com\/noticias\/wp-json\/wp\/v2\/posts\/12334","targetHints":{"allow":["GET"]}}],"collection":[{"href":"https:\/\/alminutonoticia.com\/noticias\/wp-json\/wp\/v2\/posts"}],"about":[{"href":"https:\/\/alminutonoticia.com\/noticias\/wp-json\/wp\/v2\/types\/post"}],"author":[{"embeddable":true,"href":"https:\/\/alminutonoticia.com\/noticias\/wp-json\/wp\/v2\/users\/3"}],"replies":[{"embeddable":true,"href":"https:\/\/alminutonoticia.com\/noticias\/wp-json\/wp\/v2\/comments?post=12334"}],"version-history":[{"count":1,"href":"https:\/\/alminutonoticia.com\/noticias\/wp-json\/wp\/v2\/posts\/12334\/revisions"}],"predecessor-version":[{"id":12336,"href":"https:\/\/alminutonoticia.com\/noticias\/wp-json\/wp\/v2\/posts\/12334\/revisions\/12336"}],"wp:featuredmedia":[{"embeddable":true,"href":"https:\/\/alminutonoticia.com\/noticias\/wp-json\/wp\/v2\/media\/12335"}],"wp:attachment":[{"href":"https:\/\/alminutonoticia.com\/noticias\/wp-json\/wp\/v2\/media?parent=12334"}],"wp:term":[{"taxonomy":"category","embeddable":true,"href":"https:\/\/alminutonoticia.com\/noticias\/wp-json\/wp\/v2\/categories?post=12334"},{"taxonomy":"post_tag","embeddable":true,"href":"https:\/\/alminutonoticia.com\/noticias\/wp-json\/wp\/v2\/tags?post=12334"}],"curies":[{"name":"wp","href":"https:\/\/api.w.org\/{rel}","templated":true}]}}