{"id":12325,"date":"2024-08-01T10:06:56","date_gmt":"2024-08-01T10:06:56","guid":{"rendered":"https:\/\/alminutonoticia.com\/noticias\/?p=12325"},"modified":"2024-08-01T10:06:58","modified_gmt":"2024-08-01T10:06:58","slug":"el-alcalde-mayer-mizrachi-inicia-mision-oficial-en-el-salvador","status":"publish","type":"post","link":"https:\/\/alminutonoticia.com\/noticias\/el-alcalde-mayer-mizrachi-inicia-mision-oficial-en-el-salvador\/","title":{"rendered":"El alcalde Mayer Mizrachi inicia misi\u00f3n oficial en El Salvador"},"content":{"rendered":"\n<p>El alcalde de la Ciudad de Panam\u00e1, Mayer Mizrachi, ha emprendido su primera misi\u00f3n oficial en el cargo con destino a la Rep\u00fablica de El Salvador.<\/p>\n\n\n\n<p>A trav\u00e9s de sus redes sociales, Mizrachi ha anunciado que este viaje est\u00e1 siendo financiado con recursos personales como parte de un esfuerzo por mantener la austeridad en la administraci\u00f3n local.<\/p>\n\n\n\n<p>El alcalde regresar\u00e1 a Panam\u00e1 el viernes 2 de agosto, tras una serie de actividades en El Salvador.<\/p>\n\n\n\n<p>Durante su visita, Mizrachi se reunir\u00e1 con representantes de la Agencia de El Salvador para la Cooperaci\u00f3n Internacional, y sostendr\u00e1 una importante reuni\u00f3n bilateral con el vicepresidente F\u00e9lix Ulloa.<\/p>\n\n\n\n<p>Adem\u00e1s, est\u00e1 previsto que se encuentre con Mario Dur\u00e1n, alcalde de San Salvador, para explorar oportunidades de cooperaci\u00f3n entre ambas ciudades.<\/p>\n\n\n\n<p>Una de las paradas destacadas en su agenda ser\u00e1 una visita al Hospital P\u00fablico Veterinario Chivo Pets, con el objetivo de evaluar modelos de gesti\u00f3n que podr\u00edan beneficiar a la infraestructura local en Panam\u00e1.<\/p>\n\n\n\n<p>Este viaje refleja el firme compromiso del alcalde Mizrachi con la b\u00fasqueda de nuevas oportunidades de cooperaci\u00f3n y apoyo para la Ciudad de Panam\u00e1, al tiempo que garantiza que los gastos asociados no impacten las finanzas municipales.<\/p>\n\n\n\n<figure class=\"wp-block-image size-full\"><a href=\"https:\/\/alminutonoticia.com\/noticias\/wp-content\/uploads\/2024\/08\/miz-770x470-1.jpg\"><img fetchpriority=\"high\" decoding=\"async\" width=\"770\" height=\"470\" src=\"https:\/\/alminutonoticia.com\/noticias\/wp-content\/uploads\/2024\/08\/miz-770x470-1.jpg\" alt=\"\" class=\"wp-image-12326\" title=\"\" srcset=\"https:\/\/alminutonoticia.com\/noticias\/wp-content\/uploads\/2024\/08\/miz-770x470-1.jpg 770w, https:\/\/alminutonoticia.com\/noticias\/wp-content\/uploads\/2024\/08\/miz-770x470-1-300x183.jpg 300w, https:\/\/alminutonoticia.com\/noticias\/wp-content\/uploads\/2024\/08\/miz-770x470-1-768x469.jpg 768w\" sizes=\"(max-width: 770px) 100vw, 770px\" \/><\/a><\/figure>\n","protected":false},"excerpt":{"rendered":"<p>El alcalde de la Ciudad de Panam\u00e1, Mayer Mizrachi, ha emprendido su primera misi\u00f3n oficial en el cargo con destino a la Rep\u00fablica de El Salvador. A trav\u00e9s de sus redes sociales, Mizrachi ha anunciado que este viaje est\u00e1 siendo financiado con recursos personales como parte de un esfuerzo por mantener la austeridad en la [&hellip;]<\/p>\n","protected":false},"author":3,"featured_media":12326,"comment_status":"open","ping_status":"open","sticky":false,"template":"","format":"standard","meta":{"footnotes":""},"categories":[1],"tags":[],"class_list":["post-12325","post","type-post","status-publish","format-standard","has-post-thumbnail","hentry","category-sin-categoria"],"_links":{"self":[{"href":"https:\/\/alminutonoticia.com\/noticias\/wp-json\/wp\/v2\/posts\/12325","targetHints":{"allow":["GET"]}}],"collection":[{"href":"https:\/\/alminutonoticia.com\/noticias\/wp-json\/wp\/v2\/posts"}],"about":[{"href":"https:\/\/alminutonoticia.com\/noticias\/wp-json\/wp\/v2\/types\/post"}],"author":[{"embeddable":true,"href":"https:\/\/alminutonoticia.com\/noticias\/wp-json\/wp\/v2\/users\/3"}],"replies":[{"embeddable":true,"href":"https:\/\/alminutonoticia.com\/noticias\/wp-json\/wp\/v2\/comments?post=12325"}],"version-history":[{"count":1,"href":"https:\/\/alminutonoticia.com\/noticias\/wp-json\/wp\/v2\/posts\/12325\/revisions"}],"predecessor-version":[{"id":12327,"href":"https:\/\/alminutonoticia.com\/noticias\/wp-json\/wp\/v2\/posts\/12325\/revisions\/12327"}],"wp:featuredmedia":[{"embeddable":true,"href":"https:\/\/alminutonoticia.com\/noticias\/wp-json\/wp\/v2\/media\/12326"}],"wp:attachment":[{"href":"https:\/\/alminutonoticia.com\/noticias\/wp-json\/wp\/v2\/media?parent=12325"}],"wp:term":[{"taxonomy":"category","embeddable":true,"href":"https:\/\/alminutonoticia.com\/noticias\/wp-json\/wp\/v2\/categories?post=12325"},{"taxonomy":"post_tag","embeddable":true,"href":"https:\/\/alminutonoticia.com\/noticias\/wp-json\/wp\/v2\/tags?post=12325"}],"curies":[{"name":"wp","href":"https:\/\/api.w.org\/{rel}","templated":true}]}}