{"id":12308,"date":"2024-07-30T02:35:56","date_gmt":"2024-07-30T02:35:56","guid":{"rendered":"https:\/\/alminutonoticia.com\/noticias\/?p=12308"},"modified":"2024-07-30T02:35:58","modified_gmt":"2024-07-30T02:35:58","slug":"instituto-de-seguro-agropecuario-sustenta-ante-el-mef-anteproyecto-de-presupuesto-2025","status":"publish","type":"post","link":"https:\/\/alminutonoticia.com\/noticias\/instituto-de-seguro-agropecuario-sustenta-ante-el-mef-anteproyecto-de-presupuesto-2025\/","title":{"rendered":"Instituto de Seguro Agropecuario sustenta ante el MEF anteproyecto de presupuesto 2025"},"content":{"rendered":"\n<p>El gerente general del Instituto de Seguro Agropecuario, Ariel Espino, junto a su equipo t\u00e9cnico, sustent\u00f3 ante la Direcci\u00f3n de Presupuesto de la Naci\u00f3n del Ministerio de Econom\u00eda y Finanzas (MEF), el anteproyecto de presupuesto, funcionamiento e inversiones para la vigencia fiscal del a\u00f1o 2025 cumpliendo con lo establecido en el art\u00edculo 269 de la Ley de presupuesto.<\/p>\n\n\n\n<p>El anteproyecto de presupuesto solicitado de la instituci\u00f3n asciende a B\/. 20, 199, 937 millones; se contempl\u00f3 el presupuesto de funcionamiento por el monto de B\/. 8,574,409.00 y se destinar\u00e1 B\/. 11, 625, 528 millones de inversiones.<\/p>\n\n\n\n<div class=\"wp-block-columns is-layout-flex wp-container-core-columns-is-layout-28f84493 wp-block-columns-is-layout-flex\">\n<div class=\"wp-block-column is-layout-flow wp-block-column-is-layout-flow\">\n<figure class=\"wp-block-image size-large\"><a href=\"https:\/\/alminutonoticia.com\/noticias\/wp-content\/uploads\/2024\/07\/WhatsApp-Image-2024-07-29-at-7.44.17-PM-1.jpeg\"><img fetchpriority=\"high\" decoding=\"async\" width=\"1024\" height=\"682\" src=\"https:\/\/alminutonoticia.com\/noticias\/wp-content\/uploads\/2024\/07\/WhatsApp-Image-2024-07-29-at-7.44.17-PM-1-1024x682.jpeg\" alt=\"\" class=\"wp-image-12309\" title=\"\" srcset=\"https:\/\/alminutonoticia.com\/noticias\/wp-content\/uploads\/2024\/07\/WhatsApp-Image-2024-07-29-at-7.44.17-PM-1-1024x682.jpeg 1024w, https:\/\/alminutonoticia.com\/noticias\/wp-content\/uploads\/2024\/07\/WhatsApp-Image-2024-07-29-at-7.44.17-PM-1-300x200.jpeg 300w, https:\/\/alminutonoticia.com\/noticias\/wp-content\/uploads\/2024\/07\/WhatsApp-Image-2024-07-29-at-7.44.17-PM-1-768x512.jpeg 768w, https:\/\/alminutonoticia.com\/noticias\/wp-content\/uploads\/2024\/07\/WhatsApp-Image-2024-07-29-at-7.44.17-PM-1.jpeg 1280w\" sizes=\"(max-width: 1024px) 100vw, 1024px\" \/><\/a><\/figure>\n<\/div>\n\n\n\n<div class=\"wp-block-column is-layout-flow wp-block-column-is-layout-flow\">\n<figure class=\"wp-block-image size-large\"><a href=\"https:\/\/alminutonoticia.com\/noticias\/wp-content\/uploads\/2024\/07\/WhatsApp-Image-2024-07-29-at-7.44.17-PM.jpeg\"><img decoding=\"async\" width=\"1024\" height=\"682\" src=\"https:\/\/alminutonoticia.com\/noticias\/wp-content\/uploads\/2024\/07\/WhatsApp-Image-2024-07-29-at-7.44.17-PM-1024x682.jpeg\" alt=\"\" class=\"wp-image-12310\" title=\"\" srcset=\"https:\/\/alminutonoticia.com\/noticias\/wp-content\/uploads\/2024\/07\/WhatsApp-Image-2024-07-29-at-7.44.17-PM-1024x682.jpeg 1024w, https:\/\/alminutonoticia.com\/noticias\/wp-content\/uploads\/2024\/07\/WhatsApp-Image-2024-07-29-at-7.44.17-PM-300x200.jpeg 300w, https:\/\/alminutonoticia.com\/noticias\/wp-content\/uploads\/2024\/07\/WhatsApp-Image-2024-07-29-at-7.44.17-PM-768x512.jpeg 768w, https:\/\/alminutonoticia.com\/noticias\/wp-content\/uploads\/2024\/07\/WhatsApp-Image-2024-07-29-at-7.44.17-PM.jpeg 1280w\" sizes=\"(max-width: 1024px) 100vw, 1024px\" \/><\/a><\/figure>\n<\/div>\n<\/div>\n\n\n\n<p>Durante la sustentaci\u00f3n, el titular de la cartera de Seguro Agropecuario se\u00f1al\u00f3 que estos recursos se destinar\u00e1n para dinamizar la ejecuci\u00f3n de programas y proyectos que desarrolla la entidad en beneficio del sector asegurador agropecuario del pa\u00eds.<\/p>\n\n\n\n<p>Enfatiz\u00f3 su compromiso con el sector agropecuario a trav\u00e9s de una gesti\u00f3n de puertas abiertas, con implementaci\u00f3n de tecnolog\u00eda, digitalizaci\u00f3n de procesos, alianzas, seguimiento constante y permanente a los productores.<\/p>\n\n\n\n<figure class=\"wp-block-image size-large\"><a href=\"https:\/\/alminutonoticia.com\/noticias\/wp-content\/uploads\/2024\/07\/WhatsApp-Image-2024-07-29-at-7.44.17-PM-2.jpeg\"><img decoding=\"async\" width=\"1024\" height=\"682\" src=\"https:\/\/alminutonoticia.com\/noticias\/wp-content\/uploads\/2024\/07\/WhatsApp-Image-2024-07-29-at-7.44.17-PM-2-1024x682.jpeg\" alt=\"\" class=\"wp-image-12311\" title=\"\" srcset=\"https:\/\/alminutonoticia.com\/noticias\/wp-content\/uploads\/2024\/07\/WhatsApp-Image-2024-07-29-at-7.44.17-PM-2-1024x682.jpeg 1024w, https:\/\/alminutonoticia.com\/noticias\/wp-content\/uploads\/2024\/07\/WhatsApp-Image-2024-07-29-at-7.44.17-PM-2-300x200.jpeg 300w, https:\/\/alminutonoticia.com\/noticias\/wp-content\/uploads\/2024\/07\/WhatsApp-Image-2024-07-29-at-7.44.17-PM-2-768x512.jpeg 768w, https:\/\/alminutonoticia.com\/noticias\/wp-content\/uploads\/2024\/07\/WhatsApp-Image-2024-07-29-at-7.44.17-PM-2.jpeg 1280w\" sizes=\"(max-width: 1024px) 100vw, 1024px\" \/><\/a><\/figure>\n","protected":false},"excerpt":{"rendered":"<p>El gerente general del Instituto de Seguro Agropecuario, Ariel Espino, junto a su equipo t\u00e9cnico, sustent\u00f3 ante la Direcci\u00f3n de Presupuesto de la Naci\u00f3n del Ministerio de Econom\u00eda y Finanzas (MEF), el anteproyecto de presupuesto, funcionamiento e inversiones para la vigencia fiscal del a\u00f1o 2025 cumpliendo con lo establecido en el art\u00edculo 269 de la [&hellip;]<\/p>\n","protected":false},"author":3,"featured_media":12310,"comment_status":"open","ping_status":"open","sticky":false,"template":"","format":"standard","meta":{"footnotes":""},"categories":[36],"tags":[],"class_list":["post-12308","post","type-post","status-publish","format-standard","has-post-thumbnail","hentry","category-nacionales"],"_links":{"self":[{"href":"https:\/\/alminutonoticia.com\/noticias\/wp-json\/wp\/v2\/posts\/12308","targetHints":{"allow":["GET"]}}],"collection":[{"href":"https:\/\/alminutonoticia.com\/noticias\/wp-json\/wp\/v2\/posts"}],"about":[{"href":"https:\/\/alminutonoticia.com\/noticias\/wp-json\/wp\/v2\/types\/post"}],"author":[{"embeddable":true,"href":"https:\/\/alminutonoticia.com\/noticias\/wp-json\/wp\/v2\/users\/3"}],"replies":[{"embeddable":true,"href":"https:\/\/alminutonoticia.com\/noticias\/wp-json\/wp\/v2\/comments?post=12308"}],"version-history":[{"count":1,"href":"https:\/\/alminutonoticia.com\/noticias\/wp-json\/wp\/v2\/posts\/12308\/revisions"}],"predecessor-version":[{"id":12312,"href":"https:\/\/alminutonoticia.com\/noticias\/wp-json\/wp\/v2\/posts\/12308\/revisions\/12312"}],"wp:featuredmedia":[{"embeddable":true,"href":"https:\/\/alminutonoticia.com\/noticias\/wp-json\/wp\/v2\/media\/12310"}],"wp:attachment":[{"href":"https:\/\/alminutonoticia.com\/noticias\/wp-json\/wp\/v2\/media?parent=12308"}],"wp:term":[{"taxonomy":"category","embeddable":true,"href":"https:\/\/alminutonoticia.com\/noticias\/wp-json\/wp\/v2\/categories?post=12308"},{"taxonomy":"post_tag","embeddable":true,"href":"https:\/\/alminutonoticia.com\/noticias\/wp-json\/wp\/v2\/tags?post=12308"}],"curies":[{"name":"wp","href":"https:\/\/api.w.org\/{rel}","templated":true}]}}