{"id":12304,"date":"2024-07-30T02:31:16","date_gmt":"2024-07-30T02:31:16","guid":{"rendered":"https:\/\/alminutonoticia.com\/noticias\/?p=12304"},"modified":"2024-07-30T02:31:18","modified_gmt":"2024-07-30T02:31:18","slug":"llega-a-panama-la-miss-universo-sheynnis-palacios-nicaraguenses-celebran-su-visita","status":"publish","type":"post","link":"https:\/\/alminutonoticia.com\/noticias\/llega-a-panama-la-miss-universo-sheynnis-palacios-nicaraguenses-celebran-su-visita\/","title":{"rendered":"Llega a Panam\u00e1 la \u2018miss\u2019 Universo Sheynnis Palacios, nicarag\u00fcenses celebran su visita"},"content":{"rendered":"\n<p>La \u00abmiss\u00bb Universo, Sheynnis Palacios, lleg\u00f3 al suelo paname\u00f1o la tarde de este 29 de julio para participar de la gala de elecci\u00f3n de la nueva Miss Universe Panam\u00e1, el pr\u00f3ximo 3 de agosto.<\/p>\n\n\n\n<p>Cientos de nicarag\u00fcenses y paname\u00f1os la recibieron en la terminal 2 del Aeropuerto Internacional de Tocumen en donde al son de m\u00fasica, chicheros, aplausos y ramos de flores la esperaron.<\/p>\n\n\n\n<p>La reina universal en todo momento se mostr\u00f3 alegre y hasta bail\u00f3 con sus compatriotas que no dejaron de gritarle lo mucho que la aman.&nbsp;<\/p>\n\n\n\n<figure class=\"wp-block-image size-full\"><a href=\"https:\/\/alminutonoticia.com\/noticias\/wp-content\/uploads\/2024\/07\/peleadera-770x470-1.jpeg\"><img fetchpriority=\"high\" decoding=\"async\" width=\"770\" height=\"470\" src=\"https:\/\/alminutonoticia.com\/noticias\/wp-content\/uploads\/2024\/07\/peleadera-770x470-1.jpeg\" alt=\"\" class=\"wp-image-12306\" title=\"\" srcset=\"https:\/\/alminutonoticia.com\/noticias\/wp-content\/uploads\/2024\/07\/peleadera-770x470-1.jpeg 770w, https:\/\/alminutonoticia.com\/noticias\/wp-content\/uploads\/2024\/07\/peleadera-770x470-1-300x183.jpeg 300w, https:\/\/alminutonoticia.com\/noticias\/wp-content\/uploads\/2024\/07\/peleadera-770x470-1-768x469.jpeg 768w\" sizes=\"(max-width: 770px) 100vw, 770px\" \/><\/a><\/figure>\n\n\n\n<p>\u00abGracias por el amor, el cari\u00f1o, venimos a disfrutar por esta victoria, y por supuesto a conocer a la pr\u00f3xima representante de su pa\u00eds en la pr\u00f3xima edici\u00f3n de Miss Universo, en nuestra sede, M\u00e9xico\u00bb, afirm\u00f3 Palacios.&nbsp;<\/p>\n\n\n\n<p>No dud\u00f3 en dedicar unas palabras a su gente nicarag\u00fcense. \u00abAmo a mi pa\u00eds, amo a mi gente, y gracias por todo el cari\u00f1o que me lo demuestran d\u00eda a d\u00eda a trav\u00e9s de sus comentarios, de sus vibras positivas. Y saludos a todas las personas que tienen una meta y un anhelo por cumplir, recuerden que los sue\u00f1os se cumplen\u00bb.<\/p>\n\n\n\n<p>La \u00abmiss\u00bb&nbsp;es la invitada de honor del Concurso Nacional de la Belleza y participar\u00e1 de varios eventos relacionados con ese evento.<\/p>\n\n\n\n<p>Adem\u00e1s de Sheynnis, tambi\u00e9n&nbsp;pis\u00f3 tierra paname\u00f1a Osmel Sousa, quien se mostr\u00f3 muy complacido con el recibimiento de la reina universal.<\/p>\n\n\n\n<figure class=\"wp-block-image size-full\"><a href=\"https:\/\/alminutonoticia.com\/noticias\/wp-content\/uploads\/2024\/07\/1-4-1024x682-1.jpeg\"><img decoding=\"async\" width=\"1024\" height=\"682\" src=\"https:\/\/alminutonoticia.com\/noticias\/wp-content\/uploads\/2024\/07\/1-4-1024x682-1.jpeg\" alt=\"\" class=\"wp-image-12305\" title=\"\" srcset=\"https:\/\/alminutonoticia.com\/noticias\/wp-content\/uploads\/2024\/07\/1-4-1024x682-1.jpeg 1024w, https:\/\/alminutonoticia.com\/noticias\/wp-content\/uploads\/2024\/07\/1-4-1024x682-1-300x200.jpeg 300w, https:\/\/alminutonoticia.com\/noticias\/wp-content\/uploads\/2024\/07\/1-4-1024x682-1-768x512.jpeg 768w\" sizes=\"(max-width: 1024px) 100vw, 1024px\" \/><\/a><\/figure>\n","protected":false},"excerpt":{"rendered":"<p>La \u00abmiss\u00bb Universo, Sheynnis Palacios, lleg\u00f3 al suelo paname\u00f1o la tarde de este 29 de julio para participar de la gala de elecci\u00f3n de la nueva Miss Universe Panam\u00e1, el pr\u00f3ximo 3 de agosto. Cientos de nicarag\u00fcenses y paname\u00f1os la recibieron en la terminal 2 del Aeropuerto Internacional de Tocumen en donde al son de [&hellip;]<\/p>\n","protected":false},"author":3,"featured_media":12305,"comment_status":"open","ping_status":"open","sticky":false,"template":"","format":"standard","meta":{"footnotes":""},"categories":[36,41,39],"tags":[],"class_list":["post-12304","post","type-post","status-publish","format-standard","has-post-thumbnail","hentry","category-nacionales","category-cultura-y-farandula","category-internacionales"],"_links":{"self":[{"href":"https:\/\/alminutonoticia.com\/noticias\/wp-json\/wp\/v2\/posts\/12304","targetHints":{"allow":["GET"]}}],"collection":[{"href":"https:\/\/alminutonoticia.com\/noticias\/wp-json\/wp\/v2\/posts"}],"about":[{"href":"https:\/\/alminutonoticia.com\/noticias\/wp-json\/wp\/v2\/types\/post"}],"author":[{"embeddable":true,"href":"https:\/\/alminutonoticia.com\/noticias\/wp-json\/wp\/v2\/users\/3"}],"replies":[{"embeddable":true,"href":"https:\/\/alminutonoticia.com\/noticias\/wp-json\/wp\/v2\/comments?post=12304"}],"version-history":[{"count":1,"href":"https:\/\/alminutonoticia.com\/noticias\/wp-json\/wp\/v2\/posts\/12304\/revisions"}],"predecessor-version":[{"id":12307,"href":"https:\/\/alminutonoticia.com\/noticias\/wp-json\/wp\/v2\/posts\/12304\/revisions\/12307"}],"wp:featuredmedia":[{"embeddable":true,"href":"https:\/\/alminutonoticia.com\/noticias\/wp-json\/wp\/v2\/media\/12305"}],"wp:attachment":[{"href":"https:\/\/alminutonoticia.com\/noticias\/wp-json\/wp\/v2\/media?parent=12304"}],"wp:term":[{"taxonomy":"category","embeddable":true,"href":"https:\/\/alminutonoticia.com\/noticias\/wp-json\/wp\/v2\/categories?post=12304"},{"taxonomy":"post_tag","embeddable":true,"href":"https:\/\/alminutonoticia.com\/noticias\/wp-json\/wp\/v2\/tags?post=12304"}],"curies":[{"name":"wp","href":"https:\/\/api.w.org\/{rel}","templated":true}]}}