{"id":12259,"date":"2024-07-25T02:27:15","date_gmt":"2024-07-25T02:27:15","guid":{"rendered":"https:\/\/alminutonoticia.com\/noticias\/?p=12259"},"modified":"2024-07-25T02:27:18","modified_gmt":"2024-07-25T02:27:18","slug":"presentan-propuesta-de-ley-para-declarar-el-dia-del-futbolista-nacional","status":"publish","type":"post","link":"https:\/\/alminutonoticia.com\/noticias\/presentan-propuesta-de-ley-para-declarar-el-dia-del-futbolista-nacional\/","title":{"rendered":"Presentan propuesta de ley para declarar el D\u00eda del Futbolista Nacional"},"content":{"rendered":"\n<p>En la sesi\u00f3n de la Asamblea Nacional de este mi\u00e9rcoles 24 de julio se presentaron dos propuestas de ley relacionadas con el deporte.<\/p>\n\n\n\n<p>Estas est\u00e1n relacionadas con declarar el D\u00eda del Futbolista Nacional y la que establece la Regulaci\u00f3n de la Industria del Deporte Electr\u00f3nico.<\/p>\n\n\n\n<p>En su esencia, la primera se declara el 6 de mayo, D\u00eda del Futbolista Nacional, en recordaci\u00f3n al fallecimiento del delantero Rommel Fern\u00e1ndez.<\/p>\n\n\n\n<p>La otra propuesta busca regular los deportes electr\u00f3nicos, tambi\u00e9n llamados ciberdeportes o sports. Son competiciones de videojuegos que se han convertido en eventos de gran popularidad.<\/p>\n\n\n\n<p>La parlamentaria Yarelis Rodr\u00edguez entreg\u00f3 los documentos a la presidencia de la Asamblea Nacional.<\/p>\n\n\n\n<figure class=\"wp-block-image size-full\"><a href=\"https:\/\/alminutonoticia.com\/noticias\/wp-content\/uploads\/2024\/07\/dia-del-fut-770x470-1.jpeg\"><img fetchpriority=\"high\" decoding=\"async\" width=\"770\" height=\"470\" src=\"https:\/\/alminutonoticia.com\/noticias\/wp-content\/uploads\/2024\/07\/dia-del-fut-770x470-1.jpeg\" alt=\"\" class=\"wp-image-12260\" title=\"\" srcset=\"https:\/\/alminutonoticia.com\/noticias\/wp-content\/uploads\/2024\/07\/dia-del-fut-770x470-1.jpeg 770w, https:\/\/alminutonoticia.com\/noticias\/wp-content\/uploads\/2024\/07\/dia-del-fut-770x470-1-300x183.jpeg 300w, https:\/\/alminutonoticia.com\/noticias\/wp-content\/uploads\/2024\/07\/dia-del-fut-770x470-1-768x469.jpeg 768w\" sizes=\"(max-width: 770px) 100vw, 770px\" \/><\/a><\/figure>\n","protected":false},"excerpt":{"rendered":"<p>En la sesi\u00f3n de la Asamblea Nacional de este mi\u00e9rcoles 24 de julio se presentaron dos propuestas de ley relacionadas con el deporte. Estas est\u00e1n relacionadas con declarar el D\u00eda del Futbolista Nacional y la que establece la Regulaci\u00f3n de la Industria del Deporte Electr\u00f3nico. En su esencia, la primera se declara el 6 de [&hellip;]<\/p>\n","protected":false},"author":3,"featured_media":12260,"comment_status":"open","ping_status":"open","sticky":false,"template":"","format":"standard","meta":{"footnotes":""},"categories":[37,36],"tags":[],"class_list":["post-12259","post","type-post","status-publish","format-standard","has-post-thumbnail","hentry","category-politica","category-nacionales"],"_links":{"self":[{"href":"https:\/\/alminutonoticia.com\/noticias\/wp-json\/wp\/v2\/posts\/12259","targetHints":{"allow":["GET"]}}],"collection":[{"href":"https:\/\/alminutonoticia.com\/noticias\/wp-json\/wp\/v2\/posts"}],"about":[{"href":"https:\/\/alminutonoticia.com\/noticias\/wp-json\/wp\/v2\/types\/post"}],"author":[{"embeddable":true,"href":"https:\/\/alminutonoticia.com\/noticias\/wp-json\/wp\/v2\/users\/3"}],"replies":[{"embeddable":true,"href":"https:\/\/alminutonoticia.com\/noticias\/wp-json\/wp\/v2\/comments?post=12259"}],"version-history":[{"count":1,"href":"https:\/\/alminutonoticia.com\/noticias\/wp-json\/wp\/v2\/posts\/12259\/revisions"}],"predecessor-version":[{"id":12261,"href":"https:\/\/alminutonoticia.com\/noticias\/wp-json\/wp\/v2\/posts\/12259\/revisions\/12261"}],"wp:featuredmedia":[{"embeddable":true,"href":"https:\/\/alminutonoticia.com\/noticias\/wp-json\/wp\/v2\/media\/12260"}],"wp:attachment":[{"href":"https:\/\/alminutonoticia.com\/noticias\/wp-json\/wp\/v2\/media?parent=12259"}],"wp:term":[{"taxonomy":"category","embeddable":true,"href":"https:\/\/alminutonoticia.com\/noticias\/wp-json\/wp\/v2\/categories?post=12259"},{"taxonomy":"post_tag","embeddable":true,"href":"https:\/\/alminutonoticia.com\/noticias\/wp-json\/wp\/v2\/tags?post=12259"}],"curies":[{"name":"wp","href":"https:\/\/api.w.org\/{rel}","templated":true}]}}