{"id":12255,"date":"2024-07-25T02:22:57","date_gmt":"2024-07-25T02:22:57","guid":{"rendered":"https:\/\/alminutonoticia.com\/noticias\/?p=12255"},"modified":"2024-07-25T02:22:59","modified_gmt":"2024-07-25T02:22:59","slug":"caso-cerrado-archivan-el-proceso-judicial-contra-el-alcalde-mayer-mizrachi","status":"publish","type":"post","link":"https:\/\/alminutonoticia.com\/noticias\/caso-cerrado-archivan-el-proceso-judicial-contra-el-alcalde-mayer-mizrachi\/","title":{"rendered":"\u00a1Caso cerrado! Archivan el proceso judicial contra el alcalde Mayer Mizrachi"},"content":{"rendered":"\n<p>Mayer Mizrachi alcalde de la capital dio a conocer la tarde de este 24 de julio que luego de nueve a\u00f1os, la causa abierta en su contra por un presunto delito econ\u00f3mico en perjuicio de la Autoridad Nacional para la Innovaci\u00f3n Gubernamental (AIG) fue archivada.<\/p>\n\n\n\n<p>\u201cDespu\u00e9s de 9 a\u00f1os de persecuci\u00f3n e injusticia pol\u00edticamente motivada finalmente soy libre\u201d, se lee en su mensaje virtual.<\/p>\n\n\n\n<p>Adelant\u00f3 que ma\u00f1ana, a las 4:00 p. m., realizar\u00e1 una conferencia de prensa en la que junto a sus abogados se har\u00e1 saber la verdad con nombre y apellido de c\u00f3mo la pol\u00edtica y el poder econ\u00f3mico manipul\u00f3 la justicia.&nbsp;<\/p>\n\n\n\n<figure class=\"wp-block-image size-full\"><a href=\"https:\/\/alminutonoticia.com\/noticias\/wp-content\/uploads\/2024\/07\/miz-770x470-1.jpeg\"><img fetchpriority=\"high\" decoding=\"async\" width=\"770\" height=\"470\" src=\"https:\/\/alminutonoticia.com\/noticias\/wp-content\/uploads\/2024\/07\/miz-770x470-1.jpeg\" alt=\"\" class=\"wp-image-12257\" title=\"\" srcset=\"https:\/\/alminutonoticia.com\/noticias\/wp-content\/uploads\/2024\/07\/miz-770x470-1.jpeg 770w, https:\/\/alminutonoticia.com\/noticias\/wp-content\/uploads\/2024\/07\/miz-770x470-1-300x183.jpeg 300w, https:\/\/alminutonoticia.com\/noticias\/wp-content\/uploads\/2024\/07\/miz-770x470-1-768x469.jpeg 768w\" sizes=\"(max-width: 770px) 100vw, 770px\" \/><\/a><\/figure>\n\n\n\n<figure class=\"wp-block-image size-full\"><a href=\"https:\/\/alminutonoticia.com\/noticias\/wp-content\/uploads\/2024\/07\/0-2.jpg\"><img decoding=\"async\" width=\"513\" height=\"641\" src=\"https:\/\/alminutonoticia.com\/noticias\/wp-content\/uploads\/2024\/07\/0-2.jpg\" alt=\"\" class=\"wp-image-12256\" title=\"\" srcset=\"https:\/\/alminutonoticia.com\/noticias\/wp-content\/uploads\/2024\/07\/0-2.jpg 513w, https:\/\/alminutonoticia.com\/noticias\/wp-content\/uploads\/2024\/07\/0-2-240x300.jpg 240w\" sizes=\"(max-width: 513px) 100vw, 513px\" \/><\/a><\/figure>\n","protected":false},"excerpt":{"rendered":"<p>Mayer Mizrachi alcalde de la capital dio a conocer la tarde de este 24 de julio que luego de nueve a\u00f1os, la causa abierta en su contra por un presunto delito econ\u00f3mico en perjuicio de la Autoridad Nacional para la Innovaci\u00f3n Gubernamental (AIG) fue archivada. \u201cDespu\u00e9s de 9 a\u00f1os de persecuci\u00f3n e injusticia pol\u00edticamente motivada [&hellip;]<\/p>\n","protected":false},"author":3,"featured_media":12257,"comment_status":"open","ping_status":"open","sticky":false,"template":"","format":"standard","meta":{"footnotes":""},"categories":[36],"tags":[],"class_list":["post-12255","post","type-post","status-publish","format-standard","has-post-thumbnail","hentry","category-nacionales"],"_links":{"self":[{"href":"https:\/\/alminutonoticia.com\/noticias\/wp-json\/wp\/v2\/posts\/12255","targetHints":{"allow":["GET"]}}],"collection":[{"href":"https:\/\/alminutonoticia.com\/noticias\/wp-json\/wp\/v2\/posts"}],"about":[{"href":"https:\/\/alminutonoticia.com\/noticias\/wp-json\/wp\/v2\/types\/post"}],"author":[{"embeddable":true,"href":"https:\/\/alminutonoticia.com\/noticias\/wp-json\/wp\/v2\/users\/3"}],"replies":[{"embeddable":true,"href":"https:\/\/alminutonoticia.com\/noticias\/wp-json\/wp\/v2\/comments?post=12255"}],"version-history":[{"count":1,"href":"https:\/\/alminutonoticia.com\/noticias\/wp-json\/wp\/v2\/posts\/12255\/revisions"}],"predecessor-version":[{"id":12258,"href":"https:\/\/alminutonoticia.com\/noticias\/wp-json\/wp\/v2\/posts\/12255\/revisions\/12258"}],"wp:featuredmedia":[{"embeddable":true,"href":"https:\/\/alminutonoticia.com\/noticias\/wp-json\/wp\/v2\/media\/12257"}],"wp:attachment":[{"href":"https:\/\/alminutonoticia.com\/noticias\/wp-json\/wp\/v2\/media?parent=12255"}],"wp:term":[{"taxonomy":"category","embeddable":true,"href":"https:\/\/alminutonoticia.com\/noticias\/wp-json\/wp\/v2\/categories?post=12255"},{"taxonomy":"post_tag","embeddable":true,"href":"https:\/\/alminutonoticia.com\/noticias\/wp-json\/wp\/v2\/tags?post=12255"}],"curies":[{"name":"wp","href":"https:\/\/api.w.org\/{rel}","templated":true}]}}