{"id":12252,"date":"2024-07-25T02:20:27","date_gmt":"2024-07-25T02:20:27","guid":{"rendered":"https:\/\/alminutonoticia.com\/noticias\/?p=12252"},"modified":"2024-07-25T02:20:32","modified_gmt":"2024-07-25T02:20:32","slug":"luis-eduardo-camacho-elegido-presidente-de-la-comision-de-gobierno-justicia-y-asuntos-constitucionales","status":"publish","type":"post","link":"https:\/\/alminutonoticia.com\/noticias\/luis-eduardo-camacho-elegido-presidente-de-la-comision-de-gobierno-justicia-y-asuntos-constitucionales\/","title":{"rendered":"Luis Eduardo Camacho, elegido presidente de la Comisi\u00f3n de Gobierno, Justicia y Asuntos Constitucionales"},"content":{"rendered":"\n<p>El diputado por el partido Realizando Metas (RM) Luis Eduardo Camacho gan\u00f3 la presidencia de la Comisi\u00f3n de Gobierno, Justicia y Asuntos Constitucionales de la Asamblea Nacional.<\/p>\n\n\n\n<p>Camacho, super\u00f3 al candidato independiente de la coalici\u00f3n Vamos, Roberto Z\u00fa\u00f1iga, 5-4 .<\/p>\n\n\n\n<p>Mientras que Ariel Vallarino, diputado del RM, obtuvo la vicepresidencia, superando al diputado del Movimiento Otro Camino (Moca) Jos\u00e9 P\u00e9rez Barboni 5-4.<\/p>\n\n\n\n<p>La secretar\u00eda de la Comisi\u00f3n de Gobierno fue obtenida por el diputado&nbsp;Francisco Brea, quien fue electo de manera un\u00e1nime con nueve votos.<\/p>\n\n\n\n<p>Dicha comisi\u00f3n est\u00e1 conformada por los diputados Ra\u00fal Pineda, Didiano Pinilla, Manuel Cheng, Jos\u00e9 P\u00e9rez Barboni, Roberto Z\u00fa\u00f1iga y Crispiano Adames.<\/p>\n\n\n\n<p>Camacho en su primer discurso asever\u00f3 que el C\u00f3digo Electoral paname\u00f1o requiere de una reforma profunda y esa va a ser su posici\u00f3n institucional como diputado.<\/p>\n\n\n\n<p>Las funciones de esta comisi\u00f3n son estudiar y emitir conceptos sobre temas constitucionales, asuntos relativos a la defensa nacional, la concesi\u00f3n de facultades extraordinarias al \u00d3rgano Ejecutivo, legislaci\u00f3n electoral, migraci\u00f3n y otras.&nbsp;&nbsp;<\/p>\n\n\n\n<figure class=\"wp-block-image size-full\"><a href=\"https:\/\/alminutonoticia.com\/noticias\/wp-content\/uploads\/2024\/07\/GTSP_TiWEAAGhTa-770x470-1.jpeg\"><img fetchpriority=\"high\" decoding=\"async\" width=\"770\" height=\"470\" src=\"https:\/\/alminutonoticia.com\/noticias\/wp-content\/uploads\/2024\/07\/GTSP_TiWEAAGhTa-770x470-1.jpeg\" alt=\"\" class=\"wp-image-12253\" title=\"\" srcset=\"https:\/\/alminutonoticia.com\/noticias\/wp-content\/uploads\/2024\/07\/GTSP_TiWEAAGhTa-770x470-1.jpeg 770w, https:\/\/alminutonoticia.com\/noticias\/wp-content\/uploads\/2024\/07\/GTSP_TiWEAAGhTa-770x470-1-300x183.jpeg 300w, https:\/\/alminutonoticia.com\/noticias\/wp-content\/uploads\/2024\/07\/GTSP_TiWEAAGhTa-770x470-1-768x469.jpeg 768w\" sizes=\"(max-width: 770px) 100vw, 770px\" \/><\/a><\/figure>\n","protected":false},"excerpt":{"rendered":"<p>El diputado por el partido Realizando Metas (RM) Luis Eduardo Camacho gan\u00f3 la presidencia de la Comisi\u00f3n de Gobierno, Justicia y Asuntos Constitucionales de la Asamblea Nacional. Camacho, super\u00f3 al candidato independiente de la coalici\u00f3n Vamos, Roberto Z\u00fa\u00f1iga, 5-4 . Mientras que Ariel Vallarino, diputado del RM, obtuvo la vicepresidencia, superando al diputado del Movimiento [&hellip;]<\/p>\n","protected":false},"author":3,"featured_media":12253,"comment_status":"open","ping_status":"open","sticky":false,"template":"","format":"standard","meta":{"footnotes":""},"categories":[36],"tags":[],"class_list":["post-12252","post","type-post","status-publish","format-standard","has-post-thumbnail","hentry","category-nacionales"],"_links":{"self":[{"href":"https:\/\/alminutonoticia.com\/noticias\/wp-json\/wp\/v2\/posts\/12252","targetHints":{"allow":["GET"]}}],"collection":[{"href":"https:\/\/alminutonoticia.com\/noticias\/wp-json\/wp\/v2\/posts"}],"about":[{"href":"https:\/\/alminutonoticia.com\/noticias\/wp-json\/wp\/v2\/types\/post"}],"author":[{"embeddable":true,"href":"https:\/\/alminutonoticia.com\/noticias\/wp-json\/wp\/v2\/users\/3"}],"replies":[{"embeddable":true,"href":"https:\/\/alminutonoticia.com\/noticias\/wp-json\/wp\/v2\/comments?post=12252"}],"version-history":[{"count":1,"href":"https:\/\/alminutonoticia.com\/noticias\/wp-json\/wp\/v2\/posts\/12252\/revisions"}],"predecessor-version":[{"id":12254,"href":"https:\/\/alminutonoticia.com\/noticias\/wp-json\/wp\/v2\/posts\/12252\/revisions\/12254"}],"wp:featuredmedia":[{"embeddable":true,"href":"https:\/\/alminutonoticia.com\/noticias\/wp-json\/wp\/v2\/media\/12253"}],"wp:attachment":[{"href":"https:\/\/alminutonoticia.com\/noticias\/wp-json\/wp\/v2\/media?parent=12252"}],"wp:term":[{"taxonomy":"category","embeddable":true,"href":"https:\/\/alminutonoticia.com\/noticias\/wp-json\/wp\/v2\/categories?post=12252"},{"taxonomy":"post_tag","embeddable":true,"href":"https:\/\/alminutonoticia.com\/noticias\/wp-json\/wp\/v2\/tags?post=12252"}],"curies":[{"name":"wp","href":"https:\/\/api.w.org\/{rel}","templated":true}]}}