{"id":12247,"date":"2024-07-25T02:18:51","date_gmt":"2024-07-25T02:18:51","guid":{"rendered":"https:\/\/alminutonoticia.com\/noticias\/?p=12247"},"modified":"2024-07-25T02:18:56","modified_gmt":"2024-07-25T02:18:56","slug":"diputado-alain-cedeno-presidira-la-comision-de-trabajo-salud-y-desarrollo-social","status":"publish","type":"post","link":"https:\/\/alminutonoticia.com\/noticias\/diputado-alain-cedeno-presidira-la-comision-de-trabajo-salud-y-desarrollo-social\/","title":{"rendered":"Diputado Ala\u00edn Cede\u00f1o, presidir\u00e1 la Comisi\u00f3n de Trabajo, Salud y Desarrollo Social"},"content":{"rendered":"\n<p>Los honorables diputados que conforman la Comisi\u00f3n de Trabajo, Salud y Desarrollo Social procedieron con la escogencia, juramentaci\u00f3n e instalaci\u00f3n de su Directiva.<\/p>\n\n\n\n<p>Abierto el periodo de postulaci\u00f3n para presidente de la Comisi\u00f3n de Trabajo, Salud y Desarrollo Social, correspondi\u00f3 al diputado Carlos Af\u00fa postular a Ala\u00edn Cede\u00f1o para presidir la instancia legislativa. Siendo la \u00fanica postulaci\u00f3n, la votaci\u00f3n fue un\u00e1nime con los nueve votos de los comisionados. Inmediatamente, Cede\u00f1o fue juramentado por el primer vicepresidente de la Asamblea Nacional, Didiano Pinilla.<\/p>\n\n\n\n<p>Seguidamente, el diputado Miguel Campos propuso para la vicepresidencia a la diputada Yarelis Rodr\u00edguez, quien logr\u00f3 nominalmente 8 votos y una abstenci\u00f3n de sus colegas comisionados.<\/p>\n\n\n\n<p>Para el cargo del secretario fueron postulados los candidatos Carlos Af\u00fa y el diputado Manuel Cheng. El resultado favoreci\u00f3 al diputado Af\u00fa con 6 votos a 3 votos obtenidos por Manuel Cheng.<\/p>\n\n\n\n<p>Correspondi\u00f3 al diputado Ala\u00edn Cede\u00f1o juramentar al vicepresidente y secretario, respectivamente. La comisi\u00f3n integrada fue juramentada por el diputado Didiano Pinilla.<\/p>\n\n\n\n<p>Esta instalaci\u00f3n cont\u00f3 con la presencia de su excelencia Jackeline Mu\u00f1oz, ministra de Trabajo; su excelencia Beatriz Carles de Arango, ministra de Desarrollo Social, y su excelencia Fernando Boyd Galindo, ministro de Salud, entre otros.<\/p>\n\n\n\n<p>La Comisi\u00f3n de Trabajo, Salud y Desarrollo Social est\u00e1 conformada por los comisionados Ala\u00edn Cede\u00f1o, Yarelis Rodr\u00edguez, Carlos Af\u00fa, Crispiano Adames, Jaime Vargas, Ronald De Gracia, Manuel Cheng, Miguel Campos y Edwin Vergara.<\/p>\n\n\n\n<p>En su intervenci\u00f3n, el presidente de la comisi\u00f3n mencion\u00f3 que \u201cse buscar\u00e1 consensuar todos los temas y que la ciudadan\u00eda vea que todos los diputados y todas las bancadas aportan al desarrollo de las leyes que se ejecuten en la Asamblea Nacional\u201d. Acepta haber asumido la presidencia de esta instancia legislativa en un momento hist\u00f3rico y crucial para nuestro pa\u00eds.<\/p>\n\n\n\n<p>Destac\u00f3 que la salud p\u00fablica es uno de los grandes retos que afronta nuestro pa\u00eds, ya que cada rubro o necesidad es un desaf\u00edo para lograr su soluci\u00f3n. Se refiri\u00f3 a la falta de infraestructura, en materia de salud, donde existen hospitales sin terminar, en todo el pa\u00eds.<\/p>\n\n\n\n<p>Afirm\u00f3 que \u201cuno de los graves problemas que confronta el pa\u00eds y que los pol\u00edticos estamos llamados a contribuir es la penosa y lamentable situaci\u00f3n que atraviesa el Hospital Oncol\u00f3gico\u201d.<\/p>\n\n\n\n<p>Tambi\u00e9n, mencion\u00f3 sobre la situaci\u00f3n de los pacientes de di\u00e1lisis, que no cuentan con los insumos que ese tratamiento requiere. El tema de la Caja del Seguro Social, tambi\u00e9n fue mencionada por el presidente Cede\u00f1o.<\/p>\n\n\n\n<p>Por su parte, el vicepresidente del primer \u00f3rgano del Estado indic\u00f3 que Panam\u00e1 tiene muchos retos, en materia de salud, que afectan a la poblaci\u00f3n en general, y es responsabilidad de esta comisi\u00f3n estudiar, debatir y caminar sobre aquellos aspectos que requieren un marco jur\u00eddico adecuado a los tiempos actuales.<\/p>\n\n\n\n<figure class=\"wp-block-image size-full\"><a href=\"https:\/\/alminutonoticia.com\/noticias\/wp-content\/uploads\/2024\/07\/robot-1.jpeg\"><img fetchpriority=\"high\" decoding=\"async\" width=\"900\" height=\"505\" src=\"https:\/\/alminutonoticia.com\/noticias\/wp-content\/uploads\/2024\/07\/robot-1.jpeg\" alt=\"\" class=\"wp-image-12249\" title=\"\" srcset=\"https:\/\/alminutonoticia.com\/noticias\/wp-content\/uploads\/2024\/07\/robot-1.jpeg 900w, https:\/\/alminutonoticia.com\/noticias\/wp-content\/uploads\/2024\/07\/robot-1-300x168.jpeg 300w, https:\/\/alminutonoticia.com\/noticias\/wp-content\/uploads\/2024\/07\/robot-1-768x431.jpeg 768w\" sizes=\"(max-width: 900px) 100vw, 900px\" \/><\/a><\/figure>\n","protected":false},"excerpt":{"rendered":"<p>Los honorables diputados que conforman la Comisi\u00f3n de Trabajo, Salud y Desarrollo Social procedieron con la escogencia, juramentaci\u00f3n e instalaci\u00f3n de su Directiva. Abierto el periodo de postulaci\u00f3n para presidente de la Comisi\u00f3n de Trabajo, Salud y Desarrollo Social, correspondi\u00f3 al diputado Carlos Af\u00fa postular a Ala\u00edn Cede\u00f1o para presidir la instancia legislativa. Siendo la [&hellip;]<\/p>\n","protected":false},"author":3,"featured_media":12250,"comment_status":"open","ping_status":"open","sticky":false,"template":"","format":"standard","meta":{"footnotes":""},"categories":[36,37],"tags":[],"class_list":["post-12247","post","type-post","status-publish","format-standard","has-post-thumbnail","hentry","category-nacionales","category-politica"],"_links":{"self":[{"href":"https:\/\/alminutonoticia.com\/noticias\/wp-json\/wp\/v2\/posts\/12247","targetHints":{"allow":["GET"]}}],"collection":[{"href":"https:\/\/alminutonoticia.com\/noticias\/wp-json\/wp\/v2\/posts"}],"about":[{"href":"https:\/\/alminutonoticia.com\/noticias\/wp-json\/wp\/v2\/types\/post"}],"author":[{"embeddable":true,"href":"https:\/\/alminutonoticia.com\/noticias\/wp-json\/wp\/v2\/users\/3"}],"replies":[{"embeddable":true,"href":"https:\/\/alminutonoticia.com\/noticias\/wp-json\/wp\/v2\/comments?post=12247"}],"version-history":[{"count":1,"href":"https:\/\/alminutonoticia.com\/noticias\/wp-json\/wp\/v2\/posts\/12247\/revisions"}],"predecessor-version":[{"id":12251,"href":"https:\/\/alminutonoticia.com\/noticias\/wp-json\/wp\/v2\/posts\/12247\/revisions\/12251"}],"wp:featuredmedia":[{"embeddable":true,"href":"https:\/\/alminutonoticia.com\/noticias\/wp-json\/wp\/v2\/media\/12250"}],"wp:attachment":[{"href":"https:\/\/alminutonoticia.com\/noticias\/wp-json\/wp\/v2\/media?parent=12247"}],"wp:term":[{"taxonomy":"category","embeddable":true,"href":"https:\/\/alminutonoticia.com\/noticias\/wp-json\/wp\/v2\/categories?post=12247"},{"taxonomy":"post_tag","embeddable":true,"href":"https:\/\/alminutonoticia.com\/noticias\/wp-json\/wp\/v2\/tags?post=12247"}],"curies":[{"name":"wp","href":"https:\/\/api.w.org\/{rel}","templated":true}]}}